{"id":26866,"date":"2024-12-20T12:26:22","date_gmt":"2024-12-20T11:26:22","guid":{"rendered":"https:\/\/www.viesverdes.cat\/blog\/com-preparar-la-pirinexus\/"},"modified":"2024-12-20T13:33:23","modified_gmt":"2024-12-20T12:33:23","slug":"como-preparar-la-pirinexus","status":"publish","type":"actualitat_nou","link":"https:\/\/www.viesverdes.cat\/es\/blog\/como-preparar-la-pirinexus\/","title":{"rendered":"C\u00f3mo preparar la Pirinexus: consejos esenciales"},"content":{"rendered":"\t\t<div data-elementor-type=\"wp-post\" data-elementor-id=\"26866\" class=\"elementor elementor-26866 elementor-26831\">\n\t\t\t\t\t\t\t\t\t<section class=\"elementor-section elementor-top-section elementor-element elementor-element-7f9c30a5 elementor-section-full_width elementor-section-height-default elementor-section-height-default\" data-id=\"7f9c30a5\" data-element_type=\"section\">\n\t\t\t\t\t\t<div class=\"elementor-container elementor-column-gap-default\">\n\t\t\t\t\t<div class=\"elementor-column elementor-col-100 elementor-top-column elementor-element elementor-element-12cc7e70\" data-id=\"12cc7e70\" data-element_type=\"column\">\n\t\t\t<div class=\"elementor-widget-wrap elementor-element-populated\">\n\t\t\t\t\t\t\t\t<div class=\"elementor-element elementor-element-7c58d762 elementor-hidden-mobile elementor-widget elementor-widget-image\" data-id=\"7c58d762\" data-element_type=\"widget\" data-widget_type=\"image.default\">\n\t\t\t\t<div class=\"elementor-widget-container\">\n\t\t\t<style>\/*! elementor - v3.15.0 - 31-07-2023 *\/\n.elementor-widget-image{text-align:center}.elementor-widget-image a{display:inline-block}.elementor-widget-image a img[src$=\".svg\"]{width:48px}.elementor-widget-image img{vertical-align:middle;display:inline-block}<\/style>\t\t\t\t\t\t\t\t\t\t\t\t<img loading=\"lazy\" decoding=\"async\" width=\"1500\" height=\"520\" src=\"https:\/\/www.viesverdes.cat\/wp-content\/uploads\/2024\/12\/Com_preparar_la_pirinexus_portada.jpg\" class=\"attachment-full size-full wp-image-26836\" alt=\"Com preparar la Pirinexus Iria Prendes\" srcset=\"https:\/\/www.viesverdes.cat\/wp-content\/uploads\/2024\/12\/Com_preparar_la_pirinexus_portada.jpg 1500w, https:\/\/www.viesverdes.cat\/wp-content\/uploads\/2024\/12\/Com_preparar_la_pirinexus_portada-300x104.jpg 300w, https:\/\/www.viesverdes.cat\/wp-content\/uploads\/2024\/12\/Com_preparar_la_pirinexus_portada-768x266.jpg 768w, https:\/\/www.viesverdes.cat\/wp-content\/uploads\/2024\/12\/Com_preparar_la_pirinexus_portada-1024x355.jpg 1024w\" sizes=\"(max-width: 1500px) 100vw, 1500px\" \/>\t\t\t\t\t\t\t\t\t\t\t\t\t\t\t<\/div>\n\t\t\t\t<\/div>\n\t\t\t\t\t<\/div>\n\t\t<\/div>\n\t\t\t\t\t\t\t<\/div>\n\t\t<\/section>\n\t\t\t\t<section class=\"elementor-section elementor-top-section elementor-element elementor-element-41ff1f8e elementor-section-boxed elementor-section-height-default elementor-section-height-default\" data-id=\"41ff1f8e\" data-element_type=\"section\">\n\t\t\t\t\t\t<div class=\"elementor-container elementor-column-gap-default\">\n\t\t\t\t\t<div class=\"elementor-column elementor-col-100 elementor-top-column elementor-element elementor-element-9bcd886\" data-id=\"9bcd886\" data-element_type=\"column\">\n\t\t\t<div class=\"elementor-widget-wrap elementor-element-populated\">\n\t\t\t\t\t\t\t\t<div class=\"elementor-element elementor-element-752e0fff elementor-hidden-desktop elementor-hidden-tablet elementor-widget elementor-widget-image\" data-id=\"752e0fff\" data-element_type=\"widget\" data-widget_type=\"image.default\">\n\t\t\t\t<div class=\"elementor-widget-container\">\n\t\t\t\t\t\t\t\t\t\t\t\t\t\t\t<img loading=\"lazy\" decoding=\"async\" width=\"1500\" height=\"1125\" src=\"https:\/\/www.viesverdes.cat\/wp-content\/uploads\/2024\/12\/Com_preparar_la_pirinexus_mobil.jpg\" class=\"attachment-full size-full wp-image-26858\" alt=\"Com preparar la Pirinexus Iria Prendes\" srcset=\"https:\/\/www.viesverdes.cat\/wp-content\/uploads\/2024\/12\/Com_preparar_la_pirinexus_mobil.jpg 1500w, https:\/\/www.viesverdes.cat\/wp-content\/uploads\/2024\/12\/Com_preparar_la_pirinexus_mobil-300x225.jpg 300w, https:\/\/www.viesverdes.cat\/wp-content\/uploads\/2024\/12\/Com_preparar_la_pirinexus_mobil-768x576.jpg 768w, https:\/\/www.viesverdes.cat\/wp-content\/uploads\/2024\/12\/Com_preparar_la_pirinexus_mobil-1024x768.jpg 1024w\" sizes=\"(max-width: 1500px) 100vw, 1500px\" \/>\t\t\t\t\t\t\t\t\t\t\t\t\t\t\t<\/div>\n\t\t\t\t<\/div>\n\t\t\t\t\t<\/div>\n\t\t<\/div>\n\t\t\t\t\t\t\t<\/div>\n\t\t<\/section>\n\t\t\t\t<section class=\"elementor-section elementor-top-section elementor-element elementor-element-532783ee elementor-hidden-mobile elementor-section-boxed elementor-section-height-default elementor-section-height-default\" data-id=\"532783ee\" data-element_type=\"section\">\n\t\t\t\t\t\t<div class=\"elementor-container elementor-column-gap-default\">\n\t\t\t\t\t<div class=\"elementor-column elementor-col-50 elementor-top-column elementor-element elementor-element-38c83350\" data-id=\"38c83350\" data-element_type=\"column\">\n\t\t\t<div class=\"elementor-widget-wrap elementor-element-populated\">\n\t\t\t\t\t\t\t\t<section class=\"elementor-section elementor-inner-section elementor-element elementor-element-4370d8a elementor-section-boxed elementor-section-height-default elementor-section-height-default\" data-id=\"4370d8a\" data-element_type=\"section\">\n\t\t\t\t\t\t<div class=\"elementor-container elementor-column-gap-default\">\n\t\t\t\t\t<div class=\"elementor-column elementor-col-50 elementor-inner-column elementor-element elementor-element-78a706a5\" data-id=\"78a706a5\" data-element_type=\"column\">\n\t\t\t<div class=\"elementor-widget-wrap elementor-element-populated\">\n\t\t\t\t\t\t\t\t<div class=\"elementor-element elementor-element-3fd88a4a elementor-widget elementor-widget-image\" data-id=\"3fd88a4a\" data-element_type=\"widget\" data-widget_type=\"image.default\">\n\t\t\t\t<div class=\"elementor-widget-container\">\n\t\t\t\t\t\t\t\t\t\t\t\t\t\t\t<img loading=\"lazy\" decoding=\"async\" width=\"87\" height=\"87\" src=\"https:\/\/www.viesverdes.cat\/wp-content\/uploads\/2024\/11\/Iria-Prendes-Foto-Perfil-87x87.jpg\" class=\"attachment-mini size-mini wp-image-26462\" alt=\"Iria Prendes\" srcset=\"https:\/\/www.viesverdes.cat\/wp-content\/uploads\/2024\/11\/Iria-Prendes-Foto-Perfil-87x87.jpg 87w, https:\/\/www.viesverdes.cat\/wp-content\/uploads\/2024\/11\/Iria-Prendes-Foto-Perfil-150x150.jpg 150w, https:\/\/www.viesverdes.cat\/wp-content\/uploads\/2024\/11\/Iria-Prendes-Foto-Perfil-300x300.jpg 300w, https:\/\/www.viesverdes.cat\/wp-content\/uploads\/2024\/11\/Iria-Prendes-Foto-Perfil.jpg 640w\" sizes=\"(max-width: 87px) 100vw, 87px\" \/>\t\t\t\t\t\t\t\t\t\t\t\t\t\t\t<\/div>\n\t\t\t\t<\/div>\n\t\t\t\t\t<\/div>\n\t\t<\/div>\n\t\t\t\t<div class=\"elementor-column elementor-col-50 elementor-inner-column elementor-element elementor-element-79f4dc70\" data-id=\"79f4dc70\" data-element_type=\"column\">\n\t\t\t<div class=\"elementor-widget-wrap elementor-element-populated\">\n\t\t\t\t\t\t\t\t<div class=\"elementor-element elementor-element-47972245 elementor-widget__width-initial elementor-widget elementor-widget-text-editor\" data-id=\"47972245\" data-element_type=\"widget\" data-widget_type=\"text-editor.default\">\n\t\t\t\t<div class=\"elementor-widget-container\">\n\t\t\t<style>\/*! elementor - v3.15.0 - 31-07-2023 *\/\n.elementor-widget-text-editor.elementor-drop-cap-view-stacked .elementor-drop-cap{background-color:#69727d;color:#fff}.elementor-widget-text-editor.elementor-drop-cap-view-framed .elementor-drop-cap{color:#69727d;border:3px solid;background-color:transparent}.elementor-widget-text-editor:not(.elementor-drop-cap-view-default) .elementor-drop-cap{margin-top:8px}.elementor-widget-text-editor:not(.elementor-drop-cap-view-default) .elementor-drop-cap-letter{width:1em;height:1em}.elementor-widget-text-editor .elementor-drop-cap{float:left;text-align:center;line-height:1;font-size:50px}.elementor-widget-text-editor .elementor-drop-cap-letter{display:inline-block}<\/style>\t\t\t\t<p>Autor:<b> Iria Prendes<\/b><\/p><p>20\/12\/2024<\/p>\t\t\t\t\t\t<\/div>\n\t\t\t\t<\/div>\n\t\t\t\t\t<\/div>\n\t\t<\/div>\n\t\t\t\t\t\t\t<\/div>\n\t\t<\/section>\n\t\t\t\t\t<\/div>\n\t\t<\/div>\n\t\t\t\t<div class=\"elementor-column elementor-col-50 elementor-top-column elementor-element elementor-element-58c27d2c\" data-id=\"58c27d2c\" data-element_type=\"column\">\n\t\t\t<div class=\"elementor-widget-wrap elementor-element-populated\">\n\t\t\t\t\t\t\t\t<div class=\"elementor-element elementor-element-6c7489b8 elementor-shape-circle e-grid-align-right elementor-grid-0 elementor-widget elementor-widget-social-icons\" data-id=\"6c7489b8\" data-element_type=\"widget\" data-widget_type=\"social-icons.default\">\n\t\t\t\t<div class=\"elementor-widget-container\">\n\t\t\t<style>\/*! elementor - v3.15.0 - 31-07-2023 *\/\n.elementor-widget-social-icons.elementor-grid-0 .elementor-widget-container,.elementor-widget-social-icons.elementor-grid-mobile-0 .elementor-widget-container,.elementor-widget-social-icons.elementor-grid-tablet-0 .elementor-widget-container{line-height:1;font-size:0}.elementor-widget-social-icons:not(.elementor-grid-0):not(.elementor-grid-tablet-0):not(.elementor-grid-mobile-0) .elementor-grid{display:inline-grid}.elementor-widget-social-icons .elementor-grid{grid-column-gap:var(--grid-column-gap,5px);grid-row-gap:var(--grid-row-gap,5px);grid-template-columns:var(--grid-template-columns);justify-content:var(--justify-content,center);justify-items:var(--justify-content,center)}.elementor-icon.elementor-social-icon{font-size:var(--icon-size,25px);line-height:var(--icon-size,25px);width:calc(var(--icon-size, 25px) + (2 * var(--icon-padding, .5em)));height:calc(var(--icon-size, 25px) + (2 * var(--icon-padding, .5em)))}.elementor-social-icon{--e-social-icon-icon-color:#fff;display:inline-flex;background-color:#69727d;align-items:center;justify-content:center;text-align:center;cursor:pointer}.elementor-social-icon i{color:var(--e-social-icon-icon-color)}.elementor-social-icon svg{fill:var(--e-social-icon-icon-color)}.elementor-social-icon:last-child{margin:0}.elementor-social-icon:hover{opacity:.9;color:#fff}.elementor-social-icon-android{background-color:#a4c639}.elementor-social-icon-apple{background-color:#999}.elementor-social-icon-behance{background-color:#1769ff}.elementor-social-icon-bitbucket{background-color:#205081}.elementor-social-icon-codepen{background-color:#000}.elementor-social-icon-delicious{background-color:#39f}.elementor-social-icon-deviantart{background-color:#05cc47}.elementor-social-icon-digg{background-color:#005be2}.elementor-social-icon-dribbble{background-color:#ea4c89}.elementor-social-icon-elementor{background-color:#d30c5c}.elementor-social-icon-envelope{background-color:#ea4335}.elementor-social-icon-facebook,.elementor-social-icon-facebook-f{background-color:#3b5998}.elementor-social-icon-flickr{background-color:#0063dc}.elementor-social-icon-foursquare{background-color:#2d5be3}.elementor-social-icon-free-code-camp,.elementor-social-icon-freecodecamp{background-color:#006400}.elementor-social-icon-github{background-color:#333}.elementor-social-icon-gitlab{background-color:#e24329}.elementor-social-icon-globe{background-color:#69727d}.elementor-social-icon-google-plus,.elementor-social-icon-google-plus-g{background-color:#dd4b39}.elementor-social-icon-houzz{background-color:#7ac142}.elementor-social-icon-instagram{background-color:#262626}.elementor-social-icon-jsfiddle{background-color:#487aa2}.elementor-social-icon-link{background-color:#818a91}.elementor-social-icon-linkedin,.elementor-social-icon-linkedin-in{background-color:#0077b5}.elementor-social-icon-medium{background-color:#00ab6b}.elementor-social-icon-meetup{background-color:#ec1c40}.elementor-social-icon-mixcloud{background-color:#273a4b}.elementor-social-icon-odnoklassniki{background-color:#f4731c}.elementor-social-icon-pinterest{background-color:#bd081c}.elementor-social-icon-product-hunt{background-color:#da552f}.elementor-social-icon-reddit{background-color:#ff4500}.elementor-social-icon-rss{background-color:#f26522}.elementor-social-icon-shopping-cart{background-color:#4caf50}.elementor-social-icon-skype{background-color:#00aff0}.elementor-social-icon-slideshare{background-color:#0077b5}.elementor-social-icon-snapchat{background-color:#fffc00}.elementor-social-icon-soundcloud{background-color:#f80}.elementor-social-icon-spotify{background-color:#2ebd59}.elementor-social-icon-stack-overflow{background-color:#fe7a15}.elementor-social-icon-steam{background-color:#00adee}.elementor-social-icon-stumbleupon{background-color:#eb4924}.elementor-social-icon-telegram{background-color:#2ca5e0}.elementor-social-icon-thumb-tack{background-color:#1aa1d8}.elementor-social-icon-tripadvisor{background-color:#589442}.elementor-social-icon-tumblr{background-color:#35465c}.elementor-social-icon-twitch{background-color:#6441a5}.elementor-social-icon-twitter{background-color:#1da1f2}.elementor-social-icon-viber{background-color:#665cac}.elementor-social-icon-vimeo{background-color:#1ab7ea}.elementor-social-icon-vk{background-color:#45668e}.elementor-social-icon-weibo{background-color:#dd2430}.elementor-social-icon-weixin{background-color:#31a918}.elementor-social-icon-whatsapp{background-color:#25d366}.elementor-social-icon-wordpress{background-color:#21759b}.elementor-social-icon-xing{background-color:#026466}.elementor-social-icon-yelp{background-color:#af0606}.elementor-social-icon-youtube{background-color:#cd201f}.elementor-social-icon-500px{background-color:#0099e5}.elementor-shape-rounded .elementor-icon.elementor-social-icon{border-radius:10%}.elementor-shape-circle .elementor-icon.elementor-social-icon{border-radius:50%}<\/style>\t\t<div class=\"elementor-social-icons-wrapper elementor-grid\">\n\t\t\t\t\t\t\t<span class=\"elementor-grid-item\">\n\t\t\t\t\t<a class=\"elementor-icon elementor-social-icon elementor-social-icon-instagram elementor-animation-grow elementor-repeater-item-98a56ae\" href=\"https:\/\/www.instagram.com\/iriaprendes\/\" target=\"_blank\">\n\t\t\t\t\t\t<span class=\"elementor-screen-only\">Instagram<\/span>\n\t\t\t\t\t\t<i class=\"fab fa-instagram\"><\/i>\t\t\t\t\t<\/a>\n\t\t\t\t<\/span>\n\t\t\t\t\t\t\t<span class=\"elementor-grid-item\">\n\t\t\t\t\t<a class=\"elementor-icon elementor-social-icon elementor-social-icon-facebook elementor-animation-grow elementor-repeater-item-9c2cbf4\" href=\"https:\/\/www.facebook.com\/iriaprendescicloviajera\" target=\"_blank\">\n\t\t\t\t\t\t<span class=\"elementor-screen-only\">Facebook<\/span>\n\t\t\t\t\t\t<i class=\"fab fa-facebook\"><\/i>\t\t\t\t\t<\/a>\n\t\t\t\t<\/span>\n\t\t\t\t\t\t\t<span class=\"elementor-grid-item\">\n\t\t\t\t\t<a class=\"elementor-icon elementor-social-icon elementor-social-icon-youtube elementor-animation-grow elementor-repeater-item-4c97667\" href=\"https:\/\/www.youtube.com\/@iriaprendes\" target=\"_blank\">\n\t\t\t\t\t\t<span class=\"elementor-screen-only\">Youtube<\/span>\n\t\t\t\t\t\t<i class=\"fab fa-youtube\"><\/i>\t\t\t\t\t<\/a>\n\t\t\t\t<\/span>\n\t\t\t\t\t<\/div>\n\t\t\t\t<\/div>\n\t\t\t\t<\/div>\n\t\t\t\t\t<\/div>\n\t\t<\/div>\n\t\t\t\t\t\t\t<\/div>\n\t\t<\/section>\n\t\t\t\t<section class=\"elementor-section elementor-top-section elementor-element elementor-element-1437800 elementor-section-boxed elementor-section-height-default elementor-section-height-default\" data-id=\"1437800\" data-element_type=\"section\">\n\t\t\t\t\t\t<div class=\"elementor-container elementor-column-gap-default\">\n\t\t\t\t\t<div class=\"elementor-column elementor-col-100 elementor-top-column elementor-element elementor-element-7bb0c061\" data-id=\"7bb0c061\" data-element_type=\"column\">\n\t\t\t<div class=\"elementor-widget-wrap elementor-element-populated\">\n\t\t\t\t\t\t\t\t<div class=\"elementor-element elementor-element-1cfb93cb elementor-widget elementor-widget-heading\" data-id=\"1cfb93cb\" data-element_type=\"widget\" data-widget_type=\"heading.default\">\n\t\t\t\t<div class=\"elementor-widget-container\">\n\t\t\t<style>\/*! elementor - v3.15.0 - 31-07-2023 *\/\n.elementor-heading-title{padding:0;margin:0;line-height:1}.elementor-widget-heading .elementor-heading-title[class*=elementor-size-]>a{color:inherit;font-size:inherit;line-height:inherit}.elementor-widget-heading .elementor-heading-title.elementor-size-small{font-size:15px}.elementor-widget-heading .elementor-heading-title.elementor-size-medium{font-size:19px}.elementor-widget-heading .elementor-heading-title.elementor-size-large{font-size:29px}.elementor-widget-heading .elementor-heading-title.elementor-size-xl{font-size:39px}.elementor-widget-heading .elementor-heading-title.elementor-size-xxl{font-size:59px}<\/style><h1 class=\"elementor-heading-title elementor-size-xl\"><b>C\u00f3mo preparar la Pirinexus: consejos esenciales<\/b><\/h1>\t\t<\/div>\n\t\t\t\t<\/div>\n\t\t\t\t\t<\/div>\n\t\t<\/div>\n\t\t\t\t\t\t\t<\/div>\n\t\t<\/section>\n\t\t\t\t<section class=\"elementor-section elementor-top-section elementor-element elementor-element-1bab79ff elementor-hidden-desktop elementor-hidden-tablet elementor-section-boxed elementor-section-height-default elementor-section-height-default\" data-id=\"1bab79ff\" data-element_type=\"section\">\n\t\t\t\t\t\t<div class=\"elementor-container elementor-column-gap-default\">\n\t\t\t\t\t<div class=\"elementor-column elementor-col-50 elementor-top-column elementor-element elementor-element-7f9d9a77\" data-id=\"7f9d9a77\" data-element_type=\"column\">\n\t\t\t<div class=\"elementor-widget-wrap elementor-element-populated\">\n\t\t\t\t\t\t\t\t<div class=\"elementor-element elementor-element-2e82c770 elementor-widget elementor-widget-text-editor\" data-id=\"2e82c770\" data-element_type=\"widget\" data-widget_type=\"text-editor.default\">\n\t\t\t\t<div class=\"elementor-widget-container\">\n\t\t\t\t\t\t\t<p style=\"text-align: left;\">Autor:<b> Iria Prendes<\/b><\/p><p style=\"text-align: left;\">27\/11\/2024<\/p>\t\t\t\t\t\t<\/div>\n\t\t\t\t<\/div>\n\t\t\t\t\t<\/div>\n\t\t<\/div>\n\t\t\t\t<div class=\"elementor-column elementor-col-50 elementor-top-column elementor-element elementor-element-651396d8\" data-id=\"651396d8\" data-element_type=\"column\">\n\t\t\t<div class=\"elementor-widget-wrap elementor-element-populated\">\n\t\t\t\t\t\t\t\t<div class=\"elementor-element elementor-element-7a8b08a4 elementor-shape-circle e-grid-align-mobile-left elementor-grid-0 e-grid-align-center elementor-widget elementor-widget-social-icons\" data-id=\"7a8b08a4\" data-element_type=\"widget\" data-widget_type=\"social-icons.default\">\n\t\t\t\t<div class=\"elementor-widget-container\">\n\t\t\t\t\t<div class=\"elementor-social-icons-wrapper elementor-grid\">\n\t\t\t\t\t\t\t<span class=\"elementor-grid-item\">\n\t\t\t\t\t<a class=\"elementor-icon elementor-social-icon elementor-social-icon-instagram elementor-repeater-item-e0d2285\" href=\"https:\/\/www.instagram.com\/iriaprendes\/\" target=\"_blank\">\n\t\t\t\t\t\t<span class=\"elementor-screen-only\">Instagram<\/span>\n\t\t\t\t\t\t<i class=\"fab fa-instagram\"><\/i>\t\t\t\t\t<\/a>\n\t\t\t\t<\/span>\n\t\t\t\t\t\t\t<span class=\"elementor-grid-item\">\n\t\t\t\t\t<a class=\"elementor-icon elementor-social-icon elementor-social-icon-twitter elementor-repeater-item-6f25344\" href=\"https:\/\/x.com\/i\/flow\/login?redirect_after_login=%2Firiuccia\" target=\"_blank\">\n\t\t\t\t\t\t<span class=\"elementor-screen-only\">Twitter<\/span>\n\t\t\t\t\t\t<i class=\"fab fa-twitter\"><\/i>\t\t\t\t\t<\/a>\n\t\t\t\t<\/span>\n\t\t\t\t\t\t\t<span class=\"elementor-grid-item\">\n\t\t\t\t\t<a class=\"elementor-icon elementor-social-icon elementor-social-icon-facebook elementor-repeater-item-997ecd1\" href=\"https:\/\/www.facebook.com\/iriaprendescicloviajera\" target=\"_blank\">\n\t\t\t\t\t\t<span class=\"elementor-screen-only\">Facebook<\/span>\n\t\t\t\t\t\t<i class=\"fab fa-facebook\"><\/i>\t\t\t\t\t<\/a>\n\t\t\t\t<\/span>\n\t\t\t\t\t\t\t<span class=\"elementor-grid-item\">\n\t\t\t\t\t<a class=\"elementor-icon elementor-social-icon elementor-social-icon-youtube elementor-repeater-item-6af3074\" href=\"https:\/\/www.youtube.com\/@iriaprendes\" target=\"_blank\">\n\t\t\t\t\t\t<span class=\"elementor-screen-only\">Youtube<\/span>\n\t\t\t\t\t\t<i class=\"fab fa-youtube\"><\/i>\t\t\t\t\t<\/a>\n\t\t\t\t<\/span>\n\t\t\t\t\t<\/div>\n\t\t\t\t<\/div>\n\t\t\t\t<\/div>\n\t\t\t\t\t<\/div>\n\t\t<\/div>\n\t\t\t\t\t\t\t<\/div>\n\t\t<\/section>\n\t\t\t\t<section class=\"elementor-section elementor-top-section elementor-element elementor-element-66676304 elementor-section-boxed elementor-section-height-default elementor-section-height-default\" data-id=\"66676304\" data-element_type=\"section\">\n\t\t\t\t\t\t<div class=\"elementor-container elementor-column-gap-default\">\n\t\t\t\t\t<div class=\"elementor-column elementor-col-100 elementor-top-column elementor-element elementor-element-64a6e56b\" data-id=\"64a6e56b\" data-element_type=\"column\">\n\t\t\t<div class=\"elementor-widget-wrap elementor-element-populated\">\n\t\t\t\t\t\t\t\t<div class=\"elementor-element elementor-element-27d9033d elementor-widget elementor-widget-spacer\" data-id=\"27d9033d\" data-element_type=\"widget\" data-widget_type=\"spacer.default\">\n\t\t\t\t<div class=\"elementor-widget-container\">\n\t\t\t<style>\/*! elementor - v3.15.0 - 31-07-2023 *\/\n.elementor-column .elementor-spacer-inner{height:var(--spacer-size)}.e-con{--container-widget-width:100%}.e-con-inner>.elementor-widget-spacer,.e-con>.elementor-widget-spacer{width:var(--container-widget-width,var(--spacer-size));--align-self:var(--container-widget-align-self,initial);--flex-shrink:0}.e-con-inner>.elementor-widget-spacer>.elementor-widget-container,.e-con-inner>.elementor-widget-spacer>.elementor-widget-container>.elementor-spacer,.e-con>.elementor-widget-spacer>.elementor-widget-container,.e-con>.elementor-widget-spacer>.elementor-widget-container>.elementor-spacer{height:100%}.e-con-inner>.elementor-widget-spacer>.elementor-widget-container>.elementor-spacer>.elementor-spacer-inner,.e-con>.elementor-widget-spacer>.elementor-widget-container>.elementor-spacer>.elementor-spacer-inner{height:var(--container-widget-height,var(--spacer-size))}<\/style>\t\t<div class=\"elementor-spacer\">\n\t\t\t<div class=\"elementor-spacer-inner\"><\/div>\n\t\t<\/div>\n\t\t\t\t<\/div>\n\t\t\t\t<\/div>\n\t\t\t\t\t<\/div>\n\t\t<\/div>\n\t\t\t\t\t\t\t<\/div>\n\t\t<\/section>\n\t\t\t\t<section class=\"elementor-section elementor-top-section elementor-element elementor-element-28bbeeba elementor-section-boxed elementor-section-height-default elementor-section-height-default\" data-id=\"28bbeeba\" data-element_type=\"section\">\n\t\t\t\t\t\t<div class=\"elementor-container elementor-column-gap-default\">\n\t\t\t\t\t<div class=\"elementor-column elementor-col-100 elementor-top-column elementor-element elementor-element-21596103\" data-id=\"21596103\" data-element_type=\"column\">\n\t\t\t<div class=\"elementor-widget-wrap elementor-element-populated\">\n\t\t\t\t\t\t\t\t<div class=\"elementor-element elementor-element-46c21945 elementor-widget__width-initial elementor-widget elementor-widget-text-editor\" data-id=\"46c21945\" data-element_type=\"widget\" data-widget_type=\"text-editor.default\">\n\t\t\t\t<div class=\"elementor-widget-container\">\n\t\t\t\t\t\t\t<p><strong><span style=\"color: #000000;\"><span style=\"font-family: Arial, serif;\">Planificar la ruta <span style=\"text-decoration: underline;\"><a href=\"https:\/\/www.viesverdes.cat\/es\/pirinexus\/\">Pirinexus<\/a><\/span> es una parte fundamental de la experiencia de viajar en bici. <\/span><\/span><\/strong><span style=\"color: #000000;\"><span style=\"font-family: Arial, serif;\">Te compartimos los pasos clave para preparar tu aventura ciclotur\u00edstica por la Pirinexus. Consejos pr\u00e1cticos, desde el equipo necesario hasta la elecci\u00f3n de etapas, que te permitir\u00e1n previamente prepararte para vivir una experiencia segura y memorable.<\/span><\/span><\/p>\t\t\t\t\t\t<\/div>\n\t\t\t\t<\/div>\n\t\t\t\t\t<\/div>\n\t\t<\/div>\n\t\t\t\t\t\t\t<\/div>\n\t\t<\/section>\n\t\t\t\t<section class=\"elementor-section elementor-top-section elementor-element elementor-element-68be97bf elementor-section-boxed elementor-section-height-default elementor-section-height-default\" data-id=\"68be97bf\" data-element_type=\"section\">\n\t\t\t\t\t\t<div class=\"elementor-container elementor-column-gap-default\">\n\t\t\t\t\t<div class=\"elementor-column elementor-col-100 elementor-top-column elementor-element elementor-element-2bb036de\" data-id=\"2bb036de\" data-element_type=\"column\">\n\t\t\t<div class=\"elementor-widget-wrap elementor-element-populated\">\n\t\t\t\t\t\t\t\t<div class=\"elementor-element elementor-element-5bb8d0ca elementor-widget elementor-widget-image\" data-id=\"5bb8d0ca\" data-element_type=\"widget\" data-widget_type=\"image.default\">\n\t\t\t\t<div class=\"elementor-widget-container\">\n\t\t\t\t\t\t\t\t\t\t\t\t<figure class=\"wp-caption\">\n\t\t\t\t\t\t\t\t\t\t<img loading=\"lazy\" decoding=\"async\" width=\"1500\" height=\"798\" src=\"https:\/\/www.viesverdes.cat\/wp-content\/uploads\/2024\/12\/Com_preparar_la_ruta_pirinexus.jpg\" class=\"attachment-full size-full wp-image-26840\" alt=\"Com preparar la ruta Pirinexus\" srcset=\"https:\/\/www.viesverdes.cat\/wp-content\/uploads\/2024\/12\/Com_preparar_la_ruta_pirinexus.jpg 1500w, https:\/\/www.viesverdes.cat\/wp-content\/uploads\/2024\/12\/Com_preparar_la_ruta_pirinexus-300x160.jpg 300w, https:\/\/www.viesverdes.cat\/wp-content\/uploads\/2024\/12\/Com_preparar_la_ruta_pirinexus-768x409.jpg 768w, https:\/\/www.viesverdes.cat\/wp-content\/uploads\/2024\/12\/Com_preparar_la_ruta_pirinexus-1024x545.jpg 1024w\" sizes=\"(max-width: 1500px) 100vw, 1500px\" \/>\t\t\t\t\t\t\t\t\t\t\t<figcaption class=\"widget-image-caption wp-caption-text\">Ciclista en la ruta Pirinexus. Foto: Cris Maristany<\/figcaption>\n\t\t\t\t\t\t\t\t\t\t<\/figure>\n\t\t\t\t\t\t\t\t\t<\/div>\n\t\t\t\t<\/div>\n\t\t\t\t\t<\/div>\n\t\t<\/div>\n\t\t\t\t\t\t\t<\/div>\n\t\t<\/section>\n\t\t\t\t<section class=\"elementor-section elementor-top-section elementor-element elementor-element-23751590 elementor-section-boxed elementor-section-height-default elementor-section-height-default\" data-id=\"23751590\" data-element_type=\"section\">\n\t\t\t\t\t\t<div class=\"elementor-container elementor-column-gap-default\">\n\t\t\t\t\t<div class=\"elementor-column elementor-col-100 elementor-top-column elementor-element elementor-element-2fecfebf\" data-id=\"2fecfebf\" data-element_type=\"column\">\n\t\t\t<div class=\"elementor-widget-wrap elementor-element-populated\">\n\t\t\t\t\t\t\t\t<div class=\"elementor-element elementor-element-c26bcf elementor-widget__width-initial elementor-widget elementor-widget-text-editor\" data-id=\"c26bcf\" data-element_type=\"widget\" data-widget_type=\"text-editor.default\">\n\t\t\t\t<div class=\"elementor-widget-container\">\n\t\t\t\t\t\t\t<p><strong>1. Define tu itinerario de ruta <\/strong><\/p><p><span style=\"color: #000000;\"><span style=\"font-family: Arial, serif;\">\u00bf<\/span><\/span><span style=\"font-family: Arial, serif;\">Cu\u00e1ntos<\/span><span style=\"color: #000000;\"><span style=\"font-family: Arial, serif;\"> d\u00edas tienes? \u00bf<\/span><\/span><span style=\"font-family: Arial, serif;\">Cu\u00e1nto<\/span><span style=\"color: #000000;\"><span style=\"font-family: Arial, serif;\"> pedaleas por d\u00eda? <\/span><\/span><span style=\"color: #000000;\"><span style=\"font-family: Arial, serif;\"><b>Dise\u00f1a etapas seg\u00fan tu nivel f\u00edsico, el tiempo disponible y la experiencia que desees tener.<\/b><\/span><\/span><span style=\"color: #000000;\"><span style=\"font-family: Arial, serif;\"> Puedes dividir la ruta de cuatro a seis etapas y as\u00ed moderar el cansancio acumulado. Para ciclistas avanzados, cuatro etapas de 85 km al d\u00eda son factibles. Sin embargo, los principiantes pueden optar por tramos m\u00e1s cortos, de entre 50-70 km diarios.<\/span><\/span><\/p><p><span style=\"color: #000000;\"><span style=\"font-family: Arial, serif;\"><b>Establecer un itinerario flexible tambi\u00e9n te permitir\u00e1 disfrutar de las paradas en pueblos y sitios de inter\u00e9s a lo largo de la ruta. <\/b><\/span><\/span><span style=\"color: #000000;\"><span style=\"font-family: Arial, serif;\">P\u00e1sate por nuestro planificador para organizar tus etapas y descargarte los <\/span><\/span><span style=\"color: #000000;\"><span style=\"font-family: Arial, serif;\"><i>tracks<\/i><\/span><\/span><span style=\"color: #000000;\"><span style=\"font-family: Arial, serif;\"> exactos:<\/span><\/span> <strong style=\"color: #000000; font-family: Arial, serif;\"><span style=\"text-decoration: underline;\"><a href=\"https:\/\/planificador.viesverdes.cat\/es\/\" target=\"_blank\" rel=\"noopener\">Enlace al planificador<\/a><\/span><\/strong><\/p>\t\t\t\t\t\t<\/div>\n\t\t\t\t<\/div>\n\t\t\t\t\t<\/div>\n\t\t<\/div>\n\t\t\t\t\t\t\t<\/div>\n\t\t<\/section>\n\t\t\t\t<section class=\"elementor-section elementor-top-section elementor-element elementor-element-c02ef7c elementor-section-boxed elementor-section-height-default elementor-section-height-default\" data-id=\"c02ef7c\" data-element_type=\"section\">\n\t\t\t\t\t\t<div class=\"elementor-container elementor-column-gap-default\">\n\t\t\t\t\t<div class=\"elementor-column elementor-col-100 elementor-top-column elementor-element elementor-element-6f0ac62\" data-id=\"6f0ac62\" data-element_type=\"column\">\n\t\t\t<div class=\"elementor-widget-wrap elementor-element-populated\">\n\t\t\t\t\t\t\t\t<div class=\"elementor-element elementor-element-7a4a14fe elementor-widget__width-initial elementor-widget elementor-widget-text-editor\" data-id=\"7a4a14fe\" data-element_type=\"widget\" data-widget_type=\"text-editor.default\">\n\t\t\t\t<div class=\"elementor-widget-container\">\n\t\t\t\t\t\t\t<p><strong> 2. Conoce las caracter\u00edsticas del terreno<\/strong><\/p><p>La Pirinexus abarca tanto caminos asfaltados como de tierra, alternando entre zonas monta\u00f1osas y costeras, con carriles bici, tramos de carretera y v\u00edas ciclistas.<br \/>\u00bfCon qu\u00e9 bicicleta tienes pensado hacer el recorrido? <strong>Opta por una bicicleta de gravel, trekking o monta\u00f1a para un mejor rendimiento en estos cambios de superficie.<\/strong> Habr\u00e1 alg\u00fan tramo corto, una bajada t\u00e9cnica como el puerto de Panissars, en el que necesitar\u00e1s algo de destreza y dominio de la bicicleta.<\/p>\t\t\t\t\t\t<\/div>\n\t\t\t\t<\/div>\n\t\t\t\t\t<\/div>\n\t\t<\/div>\n\t\t\t\t\t\t\t<\/div>\n\t\t<\/section>\n\t\t\t\t<section class=\"elementor-section elementor-top-section elementor-element elementor-element-c8926a7 elementor-section-boxed elementor-section-height-default elementor-section-height-default\" data-id=\"c8926a7\" data-element_type=\"section\">\n\t\t\t\t\t\t<div class=\"elementor-container elementor-column-gap-default\">\n\t\t\t\t\t<div class=\"elementor-column elementor-col-100 elementor-top-column elementor-element elementor-element-1998e494\" data-id=\"1998e494\" data-element_type=\"column\">\n\t\t\t<div class=\"elementor-widget-wrap elementor-element-populated\">\n\t\t\t\t\t\t\t\t<div class=\"elementor-element elementor-element-28329387 elementor-widget__width-initial elementor-widget elementor-widget-text-editor\" data-id=\"28329387\" data-element_type=\"widget\" data-widget_type=\"text-editor.default\">\n\t\t\t\t<div class=\"elementor-widget-container\">\n\t\t\t\t\t\t\t<p><strong>3. Elige la temporada ideal<\/strong><\/p><p>El clima es un factor clave que puede afectar significativamente la experiencia en la ruta.<strong> La primavera y el oto\u00f1o son las estaciones ideales para recorrerla,<\/strong> ya que ofrecen temperaturas suaves y hay una menor afluencia de turistas en comparaci\u00f3n con el verano. Durante el invierno, ciertas \u00e1reas pueden volverse m\u00e1s desafiantes debido a la humedad y la posibilidad de nevadas en las zonas m\u00e1s altas.<\/p><p><strong>Es importante recordar que la ruta atraviesa tanto la costa mediterr\u00e1nea como el Coll d\u2019Ares, alcanzando los 1.200 metros de altitud.<\/strong> Esto significa que experimentar\u00e1s variaciones notables de temperatura entre las distintas etapas, desde el clima templado de la costa hasta condiciones m\u00e1s frescas o fr\u00edas en las \u00e1reas monta\u00f1osas.<\/p>\t\t\t\t\t\t<\/div>\n\t\t\t\t<\/div>\n\t\t\t\t\t<\/div>\n\t\t<\/div>\n\t\t\t\t\t\t\t<\/div>\n\t\t<\/section>\n\t\t\t\t<section class=\"elementor-section elementor-top-section elementor-element elementor-element-414be4df elementor-section-boxed elementor-section-height-default elementor-section-height-default\" data-id=\"414be4df\" data-element_type=\"section\">\n\t\t\t\t\t\t<div class=\"elementor-container elementor-column-gap-default\">\n\t\t\t\t\t<div class=\"elementor-column elementor-col-100 elementor-top-column elementor-element elementor-element-761b0416\" data-id=\"761b0416\" data-element_type=\"column\">\n\t\t\t<div class=\"elementor-widget-wrap elementor-element-populated\">\n\t\t\t\t\t\t\t\t<div class=\"elementor-element elementor-element-7c1a07fb elementor-widget elementor-widget-image\" data-id=\"7c1a07fb\" data-element_type=\"widget\" data-widget_type=\"image.default\">\n\t\t\t\t<div class=\"elementor-widget-container\">\n\t\t\t\t\t\t\t\t\t\t\t\t<figure class=\"wp-caption\">\n\t\t\t\t\t\t\t\t\t\t<img loading=\"lazy\" decoding=\"async\" width=\"1500\" height=\"798\" src=\"https:\/\/www.viesverdes.cat\/wp-content\/uploads\/2024\/12\/Ciclistes_a_coll_dares.jpg\" class=\"attachment-full size-full wp-image-26844\" alt=\"Ciclistes a Coll d&#039;Ares, ruta Pirinexus\" srcset=\"https:\/\/www.viesverdes.cat\/wp-content\/uploads\/2024\/12\/Ciclistes_a_coll_dares.jpg 1500w, https:\/\/www.viesverdes.cat\/wp-content\/uploads\/2024\/12\/Ciclistes_a_coll_dares-300x160.jpg 300w, https:\/\/www.viesverdes.cat\/wp-content\/uploads\/2024\/12\/Ciclistes_a_coll_dares-768x409.jpg 768w, https:\/\/www.viesverdes.cat\/wp-content\/uploads\/2024\/12\/Ciclistes_a_coll_dares-1024x545.jpg 1024w\" sizes=\"(max-width: 1500px) 100vw, 1500px\" \/>\t\t\t\t\t\t\t\t\t\t\t<figcaption class=\"widget-image-caption wp-caption-text\">Grupo de ciclistas en el Coll d'Ares. Ruta Pirinexus. Foto: Cris Maristany<\/figcaption>\n\t\t\t\t\t\t\t\t\t\t<\/figure>\n\t\t\t\t\t\t\t\t\t<\/div>\n\t\t\t\t<\/div>\n\t\t\t\t\t<\/div>\n\t\t<\/div>\n\t\t\t\t\t\t\t<\/div>\n\t\t<\/section>\n\t\t\t\t<section class=\"elementor-section elementor-top-section elementor-element elementor-element-26c23824 elementor-section-boxed elementor-section-height-default elementor-section-height-default\" data-id=\"26c23824\" data-element_type=\"section\">\n\t\t\t\t\t\t<div class=\"elementor-container elementor-column-gap-default\">\n\t\t\t\t\t<div class=\"elementor-column elementor-col-100 elementor-top-column elementor-element elementor-element-314880c\" data-id=\"314880c\" data-element_type=\"column\">\n\t\t\t<div class=\"elementor-widget-wrap elementor-element-populated\">\n\t\t\t\t\t\t\t\t<div class=\"elementor-element elementor-element-54746 elementor-widget__width-initial elementor-widget elementor-widget-text-editor\" data-id=\"54746\" data-element_type=\"widget\" data-widget_type=\"text-editor.default\">\n\t\t\t\t<div class=\"elementor-widget-container\">\n\t\t\t\t\t\t\t<p><strong>4. Planifica tu final de etapa y d\u00e9jate llevar durante el d\u00eda <\/strong><\/p><p>A lo largo de la ruta, encontrar\u00e1s numerosos pueblos y ciudades, aunque en temporada alta es recomendable reservar con antelaci\u00f3n para asegurar tu estancia. Existen opciones para todos los gustos, desde hoteles y campings hasta acogedores albergues. <strong>Para una experiencia m\u00e1s aut\u00e9ntica y cercana a la cultura local, te sugerimos alojarte en peque\u00f1os hostales o bed &amp; breakfasts.<\/strong> Adem\u00e1s, aprov\u00e9chate de los mercados y tiendas locales para abastecerte y conecta con la gente de la regi\u00f3n, que estar\u00e1 encantada de compartir las tradiciones y bondades del lugar contigo.<\/p><p><span style=\"color: #000000;\"><span style=\"font-family: Arial, serif;\">Consulta nuestro apartado de planificaci\u00f3n para explorar los alojamientos recomendados en cada etapa de la ruta: <strong style=\"color: #000000; font-family: Arial, serif;\"><span style=\"text-decoration: underline;\"><a href=\"https:\/\/planificador.viesverdes.cat\/es\/\" target=\"_blank\" rel=\"noopener\">Enlace al planificador<\/a><\/span><\/strong><br \/><\/span><\/span><\/p>\t\t\t\t\t\t<\/div>\n\t\t\t\t<\/div>\n\t\t\t\t\t<\/div>\n\t\t<\/div>\n\t\t\t\t\t\t\t<\/div>\n\t\t<\/section>\n\t\t\t\t<section class=\"elementor-section elementor-top-section elementor-element elementor-element-7c7d38ec elementor-section-boxed elementor-section-height-default elementor-section-height-default\" data-id=\"7c7d38ec\" data-element_type=\"section\">\n\t\t\t\t\t\t<div class=\"elementor-container elementor-column-gap-default\">\n\t\t\t\t\t<div class=\"elementor-column elementor-col-100 elementor-top-column elementor-element elementor-element-3de82aaf\" data-id=\"3de82aaf\" data-element_type=\"column\">\n\t\t\t<div class=\"elementor-widget-wrap elementor-element-populated\">\n\t\t\t\t\t\t\t\t<div class=\"elementor-element elementor-element-3f722465 elementor-widget__width-initial elementor-widget elementor-widget-text-editor\" data-id=\"3f722465\" data-element_type=\"widget\" data-widget_type=\"text-editor.default\">\n\t\t\t\t<div class=\"elementor-widget-container\">\n\t\t\t\t\t\t\t<p><strong>5. Descubre los secretos de la Pirinexus<\/strong><\/p><p>La Pirinexus no solo es un recorrido ciclotur\u00edstico, sino tambi\u00e9n un viaje a trav\u00e9s de la historia y la cultura de la regi\u00f3n. <strong>En el trazado, encontrar\u00e1s antiguos recorridos ferroviarios, estaciones de tren convertidas en museos y centros culturales, y monumentos que cuentan la historia de las comarcas de Girona y el Vallespir.<\/strong> Estos \u00absecretos\u00bb a\u00f1aden una dimensi\u00f3n especial al recorrido, permiti\u00e9ndote descubrir rincones \u00fanicos y sumergirte en la historia local mientras disfrutas de la belleza del paisaje. \u00a1Estate atento y no te los pierdas! <strong><span style=\"text-decoration: underline;\"><a href=\"https:\/\/www.viesverdes.cat\/es\/secrets-2\/\">Enlace a los Secretos<\/a><\/span><\/strong><\/p>\t\t\t\t\t\t<\/div>\n\t\t\t\t<\/div>\n\t\t\t\t\t<\/div>\n\t\t<\/div>\n\t\t\t\t\t\t\t<\/div>\n\t\t<\/section>\n\t\t\t\t<section class=\"elementor-section elementor-top-section elementor-element elementor-element-ed33e26 elementor-section-boxed elementor-section-height-default elementor-section-height-default\" data-id=\"ed33e26\" data-element_type=\"section\">\n\t\t\t\t\t\t<div class=\"elementor-container elementor-column-gap-default\">\n\t\t\t\t\t<div class=\"elementor-column elementor-col-100 elementor-top-column elementor-element elementor-element-315da8d8\" data-id=\"315da8d8\" data-element_type=\"column\">\n\t\t\t<div class=\"elementor-widget-wrap elementor-element-populated\">\n\t\t\t\t\t\t\t\t<div class=\"elementor-element elementor-element-73d8e709 elementor-widget__width-initial elementor-widget elementor-widget-text-editor\" data-id=\"73d8e709\" data-element_type=\"widget\" data-widget_type=\"text-editor.default\">\n\t\t\t\t<div class=\"elementor-widget-container\">\n\t\t\t\t\t\t\t<p><strong>6. Prepara tu equipo de cicloturismo<\/strong><\/p><p>\u00bfPrefieres llevar alforjas o bolsas de <em>bikepacking?<\/em> Sea cual sea tu elecci\u00f3n, aseg\u00farate de llevar el equipo esencial para cualquier imprevisto en la ruta. <strong>No olvides un buen kit de herramientas que incluya llaves Allen, un inflador y repuestos b\u00e1sicos como parches y c\u00e1maras de aire.<\/strong> A lo largo del recorrido encontrar\u00e1s puntos de autoreparaci\u00f3n donde podr\u00e1s acceder a herramientas adicionales si las necesitas.<\/p><p>Aunque el trayecto est\u00e1 completamente se\u00f1alizado,<strong> es recomendable llevar un sistema de GPS fiable para mayor tranquilidad.<\/strong> Y recuerda la importancia de la seguridad: <strong>lleva siempre casco, ropa reflectante y luces delanteras y traseras para mantenerte visible y seguro en cualquier condici\u00f3n.<\/strong><\/p>\t\t\t\t\t\t<\/div>\n\t\t\t\t<\/div>\n\t\t\t\t\t<\/div>\n\t\t<\/div>\n\t\t\t\t\t\t\t<\/div>\n\t\t<\/section>\n\t\t\t\t<section class=\"elementor-section elementor-top-section elementor-element elementor-element-28ff646d elementor-section-boxed elementor-section-height-default elementor-section-height-default\" data-id=\"28ff646d\" data-element_type=\"section\">\n\t\t\t\t\t\t<div class=\"elementor-container elementor-column-gap-default\">\n\t\t\t\t\t<div class=\"elementor-column elementor-col-100 elementor-top-column elementor-element elementor-element-67ecabf9\" data-id=\"67ecabf9\" data-element_type=\"column\">\n\t\t\t<div class=\"elementor-widget-wrap elementor-element-populated\">\n\t\t\t\t\t\t\t\t<div class=\"elementor-element elementor-element-d185537 elementor-widget__width-initial elementor-widget elementor-widget-text-editor\" data-id=\"d185537\" data-element_type=\"widget\" data-widget_type=\"text-editor.default\">\n\t\t\t\t<div class=\"elementor-widget-container\">\n\t\t\t\t\t\t\t<p><strong>7. Podr\u00e1s abastecerte por el camino <\/strong><\/p><p>Aprovecha las poblaciones a lo largo de la ruta para abastecerte y concluir tus etapas, y disfruta de la naturaleza para hacer paradas revitalizantes durante el recorrido. Aunque encontrar\u00e1s poblaciones donde abastecerte con regularidad, <strong>te recomendamos llevar contigo siempre algo de fruta, snacks y agua, especialmente en las secciones rurales, donde es m\u00e1s dif\u00edcil encontrar provisiones.<\/strong><\/p><p><br \/>A lo largo de la Pirinexus, encontrar\u00e1s numerosas \u00e1reas de descanso y picnic perfectas para una pausa y m\u00faltiples fuentes a lo largo de todo el trazado. Puedes consultarlos previamente en el planificador que tenemos en la web: <span style=\"color: #000000;\"><span style=\"font-family: Arial, serif;\"><strong><span style=\"text-decoration: underline;\"><a href=\"https:\/\/planificador.viesverdes.cat\/es\/\" target=\"_blank\" rel=\"noopener\">Enlace al planificador<\/a><\/span><\/strong><\/span><\/span><\/p>\t\t\t\t\t\t<\/div>\n\t\t\t\t<\/div>\n\t\t\t\t\t<\/div>\n\t\t<\/div>\n\t\t\t\t\t\t\t<\/div>\n\t\t<\/section>\n\t\t\t\t<section class=\"elementor-section elementor-top-section elementor-element elementor-element-547b3c4 elementor-section-boxed elementor-section-height-default elementor-section-height-default\" data-id=\"547b3c4\" data-element_type=\"section\">\n\t\t\t\t\t\t<div class=\"elementor-container elementor-column-gap-default\">\n\t\t\t\t\t<div class=\"elementor-column elementor-col-100 elementor-top-column elementor-element elementor-element-f2096dd\" data-id=\"f2096dd\" data-element_type=\"column\">\n\t\t\t<div class=\"elementor-widget-wrap elementor-element-populated\">\n\t\t\t\t\t\t\t\t<div class=\"elementor-element elementor-element-52e649e elementor-widget elementor-widget-image\" data-id=\"52e649e\" data-element_type=\"widget\" data-widget_type=\"image.default\">\n\t\t\t\t<div class=\"elementor-widget-container\">\n\t\t\t\t\t\t\t\t\t\t\t\t<figure class=\"wp-caption\">\n\t\t\t\t\t\t\t\t\t\t<img loading=\"lazy\" decoding=\"async\" width=\"1500\" height=\"798\" src=\"https:\/\/www.viesverdes.cat\/wp-content\/uploads\/2024\/12\/Iria_prendes_peralada.jpg\" class=\"attachment-full size-full wp-image-26848\" alt=\"\" srcset=\"https:\/\/www.viesverdes.cat\/wp-content\/uploads\/2024\/12\/Iria_prendes_peralada.jpg 1500w, https:\/\/www.viesverdes.cat\/wp-content\/uploads\/2024\/12\/Iria_prendes_peralada-300x160.jpg 300w, https:\/\/www.viesverdes.cat\/wp-content\/uploads\/2024\/12\/Iria_prendes_peralada-768x409.jpg 768w, https:\/\/www.viesverdes.cat\/wp-content\/uploads\/2024\/12\/Iria_prendes_peralada-1024x545.jpg 1024w\" sizes=\"(max-width: 1500px) 100vw, 1500px\" \/>\t\t\t\t\t\t\t\t\t\t\t<figcaption class=\"widget-image-caption wp-caption-text\">Iria Prendres en Peralada. Ruta Pirinexus. Foto: Cris Maristany<\/figcaption>\n\t\t\t\t\t\t\t\t\t\t<\/figure>\n\t\t\t\t\t\t\t\t\t<\/div>\n\t\t\t\t<\/div>\n\t\t\t\t\t<\/div>\n\t\t<\/div>\n\t\t\t\t\t\t\t<\/div>\n\t\t<\/section>\n\t\t\t\t<section class=\"elementor-section elementor-top-section elementor-element elementor-element-6a3a5493 elementor-section-boxed elementor-section-height-default elementor-section-height-default\" data-id=\"6a3a5493\" data-element_type=\"section\">\n\t\t\t\t\t\t<div class=\"elementor-container elementor-column-gap-default\">\n\t\t\t\t\t<div class=\"elementor-column elementor-col-100 elementor-top-column elementor-element elementor-element-489a250\" data-id=\"489a250\" data-element_type=\"column\">\n\t\t\t<div class=\"elementor-widget-wrap elementor-element-populated\">\n\t\t\t\t\t\t\t\t<div class=\"elementor-element elementor-element-5aed0861 elementor-widget__width-initial elementor-widget elementor-widget-text-editor\" data-id=\"5aed0861\" data-element_type=\"widget\" data-widget_type=\"text-editor.default\">\n\t\t\t\t<div class=\"elementor-widget-container\">\n\t\t\t\t\t\t\t<p><span style=\"color: #000000;\"><span style=\"font-family: Arial, serif;\"><strong>Con la preparaci\u00f3n adecuada, la Pirinexus se transforma en una aventura \u00fanica, llena de descubrimientos y momentos memorables.<\/strong> Planificar cada detalle te brindar\u00e1 la confianza y seguridad necesarias para que disfrutes de una experiencia c\u00f3moda y sin contratiempos. Siguiendo estos consejos, podr\u00e1s aprovechar al m\u00e1ximo un recorrido que combina paisajes impactantes, una historia rica y una profunda conexi\u00f3n con la cultura local. <\/span><\/span><\/p>\t\t\t\t\t\t<\/div>\n\t\t\t\t<\/div>\n\t\t\t\t\t<\/div>\n\t\t<\/div>\n\t\t\t\t\t\t\t<\/div>\n\t\t<\/section>\n\t\t\t\t<section class=\"elementor-section elementor-top-section elementor-element elementor-element-48917fe elementor-section-boxed elementor-section-height-default elementor-section-height-default\" data-id=\"48917fe\" data-element_type=\"section\">\n\t\t\t\t\t\t<div class=\"elementor-container elementor-column-gap-default\">\n\t\t\t\t\t<div class=\"elementor-column elementor-col-100 elementor-top-column elementor-element elementor-element-96d5ca0\" data-id=\"96d5ca0\" data-element_type=\"column\">\n\t\t\t<div class=\"elementor-widget-wrap elementor-element-populated\">\n\t\t\t\t\t\t\t\t<div class=\"elementor-element elementor-element-240ddf8 elementor-widget__width-initial elementor-widget elementor-widget-text-editor\" data-id=\"240ddf8\" data-element_type=\"widget\" data-widget_type=\"text-editor.default\">\n\t\t\t\t<div class=\"elementor-widget-container\">\n\t\t\t\t\t\t\t<p>Para m\u00e1s informaci\u00f3n sobre la ruta Pirinexus, consultad este apartado en nuestra web:\u00a0<span style=\"text-decoration: underline;\"><a href=\"https:\/\/www.viesverdes.cat\/es\/pirinexus\/\"><strong>Ruta Pirinexus<\/strong><\/a><\/span><\/p>\t\t\t\t\t\t<\/div>\n\t\t\t\t<\/div>\n\t\t\t\t\t<\/div>\n\t\t<\/div>\n\t\t\t\t\t\t\t<\/div>\n\t\t<\/section>\n\t\t\t\t<section class=\"elementor-section elementor-top-section elementor-element elementor-element-13f29c9 elementor-section-boxed elementor-section-height-default elementor-section-height-default\" data-id=\"13f29c9\" data-element_type=\"section\">\n\t\t\t\t\t\t<div class=\"elementor-container elementor-column-gap-default\">\n\t\t\t\t\t<div class=\"elementor-column elementor-col-100 elementor-top-column elementor-element elementor-element-a989ac1\" data-id=\"a989ac1\" data-element_type=\"column\">\n\t\t\t<div class=\"elementor-widget-wrap elementor-element-populated\">\n\t\t\t\t\t\t\t\t<div class=\"elementor-element elementor-element-7b56f809 elementor-widget__width-initial elementor-widget elementor-widget-text-editor\" data-id=\"7b56f809\" data-element_type=\"widget\" data-widget_type=\"text-editor.default\">\n\t\t\t\t<div class=\"elementor-widget-container\">\n\t\t\t\t\t\t\t<p style=\"text-align: center;\"><strong>\u00a1Sigue la aventura de Iria por la Pirinexus en su\u00a0<a href=\"https:\/\/www.instagram.com\/viesverdesgi\/\" target=\"_blank\" rel=\"noopener\">perfil d\u2019Instagram<\/a>!<\/strong><\/p>\t\t\t\t\t\t<\/div>\n\t\t\t\t<\/div>\n\t\t\t\t\t<\/div>\n\t\t<\/div>\n\t\t\t\t\t\t\t<\/div>\n\t\t<\/section>\n\t\t\t\t<section class=\"elementor-section elementor-top-section elementor-element elementor-element-11faa33b elementor-section-boxed elementor-section-height-default elementor-section-height-default\" data-id=\"11faa33b\" data-element_type=\"section\">\n\t\t\t\t\t\t<div class=\"elementor-container elementor-column-gap-default\">\n\t\t\t\t\t<div class=\"elementor-column elementor-col-100 elementor-top-column elementor-element elementor-element-38d93db8\" data-id=\"38d93db8\" data-element_type=\"column\">\n\t\t\t<div class=\"elementor-widget-wrap elementor-element-populated\">\n\t\t\t\t\t\t\t\t<div class=\"elementor-element elementor-element-44159a9e elementor-widget elementor-widget-html\" data-id=\"44159a9e\" data-element_type=\"widget\" data-widget_type=\"html.default\">\n\t\t\t\t<div class=\"elementor-widget-container\">\n\t\t\t<blockquote class=\"instagram-media\" data-instgrm-permalink=\"https:\/\/www.instagram.com\/reel\/DCMvcccNdgP\/?utm_source=ig_embed&amp;utm_campaign=loading\" data-instgrm-version=\"14\" style=\" background:#FFF; border:0; border-radius:3px; box-shadow:0 0 1px 0 rgba(0,0,0,0.5),0 1px 10px 0 rgba(0,0,0,0.15); margin: 1px; max-width:540px; min-width:326px; padding:0; width:99.375%; width:-webkit-calc(100% - 2px); width:calc(100% - 2px);\"><div style=\"padding:16px;\"> <a href=\"https:\/\/www.instagram.com\/reel\/DCMvcccNdgP\/?utm_source=ig_embed&amp;utm_campaign=loading\" style=\" background:#FFFFFF; line-height:0; padding:0 0; text-align:center; text-decoration:none; width:100%;\" target=\"_blank\"> <div style=\" display: flex; flex-direction: row; align-items: center;\"> <div style=\"background-color: #F4F4F4; border-radius: 50%; flex-grow: 0; height: 40px; margin-right: 14px; width: 40px;\"><\/div> <div style=\"display: flex; flex-direction: column; flex-grow: 1; justify-content: center;\"> <div style=\" background-color: #F4F4F4; border-radius: 4px; flex-grow: 0; height: 14px; margin-bottom: 6px; width: 100px;\"><\/div> <div style=\" background-color: #F4F4F4; border-radius: 4px; flex-grow: 0; height: 14px; width: 60px;\"><\/div><\/div><\/div><div style=\"padding: 19% 0;\"><\/div> <div style=\"display:block; height:50px; margin:0 auto 12px; width:50px;\"><svg width=\"50px\" height=\"50px\" viewBox=\"0 0 60 60\" version=\"1.1\" xmlns=\"https:\/\/www.w3.org\/2000\/svg\" xmlns:xlink=\"https:\/\/www.w3.org\/1999\/xlink\"><g stroke=\"none\" stroke-width=\"1\" fill=\"none\" fill-rule=\"evenodd\"><g transform=\"translate(-511.000000, -20.000000)\" fill=\"#000000\"><g><path d=\"M556.869,30.41 C554.814,30.41 553.148,32.076 553.148,34.131 C553.148,36.186 554.814,37.852 556.869,37.852 C558.924,37.852 560.59,36.186 560.59,34.131 C560.59,32.076 558.924,30.41 556.869,30.41 M541,60.657 C535.114,60.657 530.342,55.887 530.342,50 C530.342,44.114 535.114,39.342 541,39.342 C546.887,39.342 551.658,44.114 551.658,50 C551.658,55.887 546.887,60.657 541,60.657 M541,33.886 C532.1,33.886 524.886,41.1 524.886,50 C524.886,58.899 532.1,66.113 541,66.113 C549.9,66.113 557.115,58.899 557.115,50 C557.115,41.1 549.9,33.886 541,33.886 M565.378,62.101 C565.244,65.022 564.756,66.606 564.346,67.663 C563.803,69.06 563.154,70.057 562.106,71.106 C561.058,72.155 560.06,72.803 558.662,73.347 C557.607,73.757 556.021,74.244 553.102,74.378 C549.944,74.521 548.997,74.552 541,74.552 C533.003,74.552 532.056,74.521 528.898,74.378 C525.979,74.244 524.393,73.757 523.338,73.347 C521.94,72.803 520.942,72.155 519.894,71.106 C518.846,70.057 518.197,69.06 517.654,67.663 C517.244,66.606 516.755,65.022 516.623,62.101 C516.479,58.943 516.448,57.996 516.448,50 C516.448,42.003 516.479,41.056 516.623,37.899 C516.755,34.978 517.244,33.391 517.654,32.338 C518.197,30.938 518.846,29.942 519.894,28.894 C520.942,27.846 521.94,27.196 523.338,26.654 C524.393,26.244 525.979,25.756 528.898,25.623 C532.057,25.479 533.004,25.448 541,25.448 C548.997,25.448 549.943,25.479 553.102,25.623 C556.021,25.756 557.607,26.244 558.662,26.654 C560.06,27.196 561.058,27.846 562.106,28.894 C563.154,29.942 563.803,30.938 564.346,32.338 C564.756,33.391 565.244,34.978 565.378,37.899 C565.522,41.056 565.552,42.003 565.552,50 C565.552,57.996 565.522,58.943 565.378,62.101 M570.82,37.631 C570.674,34.438 570.167,32.258 569.425,30.349 C568.659,28.377 567.633,26.702 565.965,25.035 C564.297,23.368 562.623,22.342 560.652,21.575 C558.743,20.834 556.562,20.326 553.369,20.18 C550.169,20.033 549.148,20 541,20 C532.853,20 531.831,20.033 528.631,20.18 C525.438,20.326 523.257,20.834 521.349,21.575 C519.376,22.342 517.703,23.368 516.035,25.035 C514.368,26.702 513.342,28.377 512.574,30.349 C511.834,32.258 511.326,34.438 511.181,37.631 C511.035,40.831 511,41.851 511,50 C511,58.147 511.035,59.17 511.181,62.369 C511.326,65.562 511.834,67.743 512.574,69.651 C513.342,71.625 514.368,73.296 516.035,74.965 C517.703,76.634 519.376,77.658 521.349,78.425 C523.257,79.167 525.438,79.673 528.631,79.82 C531.831,79.965 532.853,80.001 541,80.001 C549.148,80.001 550.169,79.965 553.369,79.82 C556.562,79.673 558.743,79.167 560.652,78.425 C562.623,77.658 564.297,76.634 565.965,74.965 C567.633,73.296 568.659,71.625 569.425,69.651 C570.167,67.743 570.674,65.562 570.82,62.369 C570.966,59.17 571,58.147 571,50 C571,41.851 570.966,40.831 570.82,37.631\"><\/path><\/g><\/g><\/g><\/svg><\/div><div style=\"padding-top: 8px;\"> <div style=\" color:#3897f0; font-family:Arial,sans-serif; font-size:14px; font-style:normal; font-weight:550; line-height:18px;\">Ver esta publicaci\u00f3n en Instagram<\/div><\/div><div style=\"padding: 12.5% 0;\"><\/div> <div style=\"display: flex; flex-direction: row; margin-bottom: 14px; align-items: center;\"><div> <div style=\"background-color: #F4F4F4; border-radius: 50%; height: 12.5px; width: 12.5px; transform: translateX(0px) translateY(7px);\"><\/div> <div style=\"background-color: #F4F4F4; height: 12.5px; transform: rotate(-45deg) translateX(3px) translateY(1px); width: 12.5px; flex-grow: 0; margin-right: 14px; margin-left: 2px;\"><\/div> <div style=\"background-color: #F4F4F4; border-radius: 50%; height: 12.5px; width: 12.5px; transform: translateX(9px) translateY(-18px);\"><\/div><\/div><div style=\"margin-left: 8px;\"> <div style=\" background-color: #F4F4F4; border-radius: 50%; flex-grow: 0; height: 20px; width: 20px;\"><\/div> <div style=\" width: 0; height: 0; border-top: 2px solid transparent; border-left: 6px solid #f4f4f4; border-bottom: 2px solid transparent; transform: translateX(16px) translateY(-4px) rotate(30deg)\"><\/div><\/div><div style=\"margin-left: auto;\"> <div style=\" width: 0px; border-top: 8px solid #F4F4F4; border-right: 8px solid transparent; transform: translateY(16px);\"><\/div> <div style=\" background-color: #F4F4F4; flex-grow: 0; height: 12px; width: 16px; transform: translateY(-4px);\"><\/div> <div style=\" width: 0; height: 0; border-top: 8px solid #F4F4F4; border-left: 8px solid transparent; transform: translateY(-4px) translateX(8px);\"><\/div><\/div><\/div> <div style=\"display: flex; flex-direction: column; flex-grow: 1; justify-content: center; margin-bottom: 24px;\"> <div style=\" background-color: #F4F4F4; border-radius: 4px; flex-grow: 0; height: 14px; margin-bottom: 6px; width: 224px;\"><\/div> <div style=\" background-color: #F4F4F4; border-radius: 4px; flex-grow: 0; height: 14px; width: 144px;\"><\/div><\/div><\/a><p style=\" color:#c9c8cd; font-family:Arial,sans-serif; font-size:14px; line-height:17px; margin-bottom:0; margin-top:8px; overflow:hidden; padding:8px 0 7px; text-align:center; text-overflow:ellipsis; white-space:nowrap;\"><a href=\"https:\/\/www.instagram.com\/reel\/DCMvcccNdgP\/?utm_source=ig_embed&amp;utm_campaign=loading\" style=\" color:#c9c8cd; font-family:Arial,sans-serif; font-size:14px; font-style:normal; font-weight:normal; line-height:17px; text-decoration:none;\" target=\"_blank\">Una publicaci\u00f3n compartida de Vies Verdes de Girona - Pirinexus (@viesverdesgi)<\/a><\/p><\/div><\/blockquote>\r\n<script async src=\"\/\/www.instagram.com\/embed.js\"><\/script>\t\t<\/div>\n\t\t\t\t<\/div>\n\t\t\t\t\t<\/div>\n\t\t<\/div>\n\t\t\t\t\t\t\t<\/div>\n\t\t<\/section>\n\t\t\t\t<section class=\"elementor-section elementor-top-section elementor-element elementor-element-b6b683a elementor-section-boxed elementor-section-height-default elementor-section-height-default\" data-id=\"b6b683a\" data-element_type=\"section\">\n\t\t\t\t\t\t<div class=\"elementor-container elementor-column-gap-default\">\n\t\t\t\t\t<div class=\"elementor-column elementor-col-100 elementor-top-column elementor-element elementor-element-1582db51\" data-id=\"1582db51\" data-element_type=\"column\">\n\t\t\t<div class=\"elementor-widget-wrap elementor-element-populated\">\n\t\t\t\t\t\t\t\t<div class=\"elementor-element elementor-element-568bc5a6 elementor-widget elementor-widget-spacer\" data-id=\"568bc5a6\" data-element_type=\"widget\" data-widget_type=\"spacer.default\">\n\t\t\t\t<div class=\"elementor-widget-container\">\n\t\t\t\t\t<div class=\"elementor-spacer\">\n\t\t\t<div class=\"elementor-spacer-inner\"><\/div>\n\t\t<\/div>\n\t\t\t\t<\/div>\n\t\t\t\t<\/div>\n\t\t\t\t\t<\/div>\n\t\t<\/div>\n\t\t\t\t\t\t\t<\/div>\n\t\t<\/section>\n\t\t\t\t<section class=\"elementor-section elementor-top-section elementor-element elementor-element-29ef1eac elementor-section-boxed elementor-section-height-default elementor-section-height-default\" data-id=\"29ef1eac\" data-element_type=\"section\">\n\t\t\t\t\t\t<div class=\"elementor-container elementor-column-gap-default\">\n\t\t\t\t\t<div class=\"elementor-column elementor-col-100 elementor-top-column elementor-element elementor-element-36aa95d2\" data-id=\"36aa95d2\" data-element_type=\"column\">\n\t\t\t<div class=\"elementor-widget-wrap elementor-element-populated\">\n\t\t\t\t\t\t\t\t<div class=\"elementor-element elementor-element-6a4c4e1c elementor-widget elementor-widget-html\" data-id=\"6a4c4e1c\" data-element_type=\"widget\" data-widget_type=\"html.default\">\n\t\t\t\t<div class=\"elementor-widget-container\">\n\t\t\t<div class=\"a2a_kit a2a_kit_size_32 a2a_default_style\" style=\"display: flex; justify-content: center;\">\r\n<a class=\"a2a_button_whatsapp\" style=\"color: #B4BA06;\"><\/a>\r\n<a class=\"a2a_button_x\" style=\"color: #B4BA06;\"><\/a>\r\n<a class=\"a2a_button_facebook\" style=\"color: #B4BA06;\"><\/a>\r\n<a class=\"a2a_button_email\" style=\"color: #B4BA06;\"><\/a>\r\n<a class=\"a2a_button_copy_link\" style=\"color: #B4BA06;\"><\/a>\r\n<\/div>\r\n<script>\r\nvar a2a_config = a2a_config || {};\r\na2a_config.locale = \"ca-ES\";\r\na2a_config.num_services = 6;\r\n<\/script>\r\n<script async src=\"https:\/\/static.addtoany.com\/menu\/page.js\"><\/script>\t\t<\/div>\n\t\t\t\t<\/div>\n\t\t\t\t\t<\/div>\n\t\t<\/div>\n\t\t\t\t\t\t\t<\/div>\n\t\t<\/section>\n\t\t\t\t\t\t\t<\/div>\n\t\t","protected":false},"featured_media":0,"menu_order":0,"template":"elementor_theme","format":"standard","acf":[],"yoast_head":"<!-- This site is optimized with the Yoast SEO plugin v22.2 - https:\/\/yoast.com\/wordpress\/plugins\/seo\/ -->\n<title>C\u00f3mo preparar la Pirinexus: consejos esenciales - Ecovies de Girona<\/title>\n<meta name=\"description\" content=\"Descubre como preparar la ruta Pirinexus con estos consejos esenciales: planificaci\u00f3n de etapas, equipaci\u00f3n necesaria y recomendaciones sobre la mejor temporada para disfrutar al m\u00e1ximo de los 340 km de paisajes y cultura.\" \/>\n<meta name=\"robots\" content=\"index, follow, max-snippet:-1, max-image-preview:large, max-video-preview:-1\" \/>\n<link rel=\"canonical\" href=\"https:\/\/www.viesverdes.cat\/es\/blog\/como-preparar-la-pirinexus\/\" \/>\n<meta property=\"og:locale\" content=\"es_ES\" \/>\n<meta property=\"og:type\" content=\"article\" \/>\n<meta property=\"og:title\" content=\"C\u00f3mo preparar la Pirinexus: consejos esenciales - Ecovies de Girona\" \/>\n<meta property=\"og:description\" content=\"Descubre como preparar la ruta Pirinexus con estos consejos esenciales: planificaci\u00f3n de etapas, equipaci\u00f3n necesaria y recomendaciones sobre la mejor temporada para disfrutar al m\u00e1ximo de los 340 km de paisajes y cultura.\" \/>\n<meta property=\"og:url\" content=\"https:\/\/www.viesverdes.cat\/es\/blog\/como-preparar-la-pirinexus\/\" \/>\n<meta property=\"og:site_name\" content=\"Ecovies de Girona\" \/>\n<meta property=\"article:publisher\" content=\"https:\/\/www.facebook.com\/viesverdesgirona\" \/>\n<meta property=\"article:modified_time\" content=\"2024-12-20T12:33:23+00:00\" \/>\n<meta property=\"og:image\" content=\"http:\/\/www.viesverdes.cat\/wp-content\/uploads\/2024\/12\/Com_preparar_la_pirinexus_portada.jpg\" \/>\n<meta name=\"twitter:card\" content=\"summary_large_image\" \/>\n<meta name=\"twitter:site\" content=\"@viesverdesgi\" \/>\n<meta name=\"twitter:label1\" content=\"Tiempo de lectura\" \/>\n\t<meta name=\"twitter:data1\" content=\"7 minutos\" \/>\n<script type=\"application\/ld+json\" class=\"yoast-schema-graph\">{\"@context\":\"https:\/\/schema.org\",\"@graph\":[{\"@type\":\"WebPage\",\"@id\":\"https:\/\/www.viesverdes.cat\/es\/blog\/como-preparar-la-pirinexus\/\",\"url\":\"https:\/\/www.viesverdes.cat\/es\/blog\/como-preparar-la-pirinexus\/\",\"name\":\"C\u00f3mo preparar la Pirinexus: consejos esenciales - Ecovies de Girona\",\"isPartOf\":{\"@id\":\"https:\/\/www.viesverdes.cat\/#website\"},\"primaryImageOfPage\":{\"@id\":\"https:\/\/www.viesverdes.cat\/es\/blog\/como-preparar-la-pirinexus\/#primaryimage\"},\"image\":{\"@id\":\"https:\/\/www.viesverdes.cat\/es\/blog\/como-preparar-la-pirinexus\/#primaryimage\"},\"thumbnailUrl\":\"http:\/\/www.viesverdes.cat\/wp-content\/uploads\/2024\/12\/Com_preparar_la_pirinexus_portada.jpg\",\"datePublished\":\"2024-12-20T11:26:22+00:00\",\"dateModified\":\"2024-12-20T12:33:23+00:00\",\"description\":\"Descubre como preparar la ruta Pirinexus con estos consejos esenciales: planificaci\u00f3n de etapas, equipaci\u00f3n necesaria y recomendaciones sobre la mejor temporada para disfrutar al m\u00e1ximo de los 340 km de paisajes y cultura.\",\"breadcrumb\":{\"@id\":\"https:\/\/www.viesverdes.cat\/es\/blog\/como-preparar-la-pirinexus\/#breadcrumb\"},\"inLanguage\":\"es\",\"potentialAction\":[{\"@type\":\"ReadAction\",\"target\":[\"https:\/\/www.viesverdes.cat\/es\/blog\/como-preparar-la-pirinexus\/\"]}]},{\"@type\":\"ImageObject\",\"inLanguage\":\"es\",\"@id\":\"https:\/\/www.viesverdes.cat\/es\/blog\/como-preparar-la-pirinexus\/#primaryimage\",\"url\":\"https:\/\/www.viesverdes.cat\/wp-content\/uploads\/2024\/12\/Com_preparar_la_pirinexus_portada.jpg\",\"contentUrl\":\"https:\/\/www.viesverdes.cat\/wp-content\/uploads\/2024\/12\/Com_preparar_la_pirinexus_portada.jpg\",\"width\":1500,\"height\":520,\"caption\":\"Com preparar la Pirinexus Iria Prendes\"},{\"@type\":\"BreadcrumbList\",\"@id\":\"https:\/\/www.viesverdes.cat\/es\/blog\/como-preparar-la-pirinexus\/#breadcrumb\",\"itemListElement\":[{\"@type\":\"ListItem\",\"position\":1,\"name\":\"Inici\",\"item\":\"https:\/\/www.viesverdes.cat\/\"},{\"@type\":\"ListItem\",\"position\":2,\"name\":\"C\u00f3mo preparar la Pirinexus: consejos esenciales\"}]},{\"@type\":\"WebSite\",\"@id\":\"https:\/\/www.viesverdes.cat\/#website\",\"url\":\"https:\/\/www.viesverdes.cat\/\",\"name\":\"Vies Verdes i Pirinexus\",\"description\":\"\",\"publisher\":{\"@id\":\"https:\/\/www.viesverdes.cat\/#organization\"},\"potentialAction\":[{\"@type\":\"SearchAction\",\"target\":{\"@type\":\"EntryPoint\",\"urlTemplate\":\"https:\/\/www.viesverdes.cat\/?s={search_term_string}\"},\"query-input\":\"required name=search_term_string\"}],\"inLanguage\":\"es\"},{\"@type\":\"Organization\",\"@id\":\"https:\/\/www.viesverdes.cat\/#organization\",\"name\":\"Consorci de les Vies Verdes de Girona\",\"url\":\"https:\/\/www.viesverdes.cat\/\",\"logo\":{\"@type\":\"ImageObject\",\"inLanguage\":\"es\",\"@id\":\"https:\/\/www.viesverdes.cat\/#\/schema\/logo\/image\/\",\"url\":\"https:\/\/www.viesverdes.cat\/wp-content\/uploads\/2023\/04\/Logo-Consorci-Vies-Verdes-color-1-e1682501524240.png\",\"contentUrl\":\"https:\/\/www.viesverdes.cat\/wp-content\/uploads\/2023\/04\/Logo-Consorci-Vies-Verdes-color-1-e1682501524240.png\",\"width\":350,\"height\":41,\"caption\":\"Consorci de les Vies Verdes de Girona\"},\"image\":{\"@id\":\"https:\/\/www.viesverdes.cat\/#\/schema\/logo\/image\/\"},\"sameAs\":[\"https:\/\/www.facebook.com\/viesverdesgirona\",\"https:\/\/twitter.com\/viesverdesgi\",\"https:\/\/www.youtube.com\/viesverdesgi\",\"https:\/\/www.instagram.com\/viesverdesgi\/\"]}]}<\/script>\n<!-- \/ Yoast SEO plugin. -->","yoast_head_json":{"title":"C\u00f3mo preparar la Pirinexus: consejos esenciales - Ecovies de Girona","description":"Descubre como preparar la ruta Pirinexus con estos consejos esenciales: planificaci\u00f3n de etapas, equipaci\u00f3n necesaria y recomendaciones sobre la mejor temporada para disfrutar al m\u00e1ximo de los 340 km de paisajes y cultura.","robots":{"index":"index","follow":"follow","max-snippet":"max-snippet:-1","max-image-preview":"max-image-preview:large","max-video-preview":"max-video-preview:-1"},"canonical":"https:\/\/www.viesverdes.cat\/es\/blog\/como-preparar-la-pirinexus\/","og_locale":"es_ES","og_type":"article","og_title":"C\u00f3mo preparar la Pirinexus: consejos esenciales - Ecovies de Girona","og_description":"Descubre como preparar la ruta Pirinexus con estos consejos esenciales: planificaci\u00f3n de etapas, equipaci\u00f3n necesaria y recomendaciones sobre la mejor temporada para disfrutar al m\u00e1ximo de los 340 km de paisajes y cultura.","og_url":"https:\/\/www.viesverdes.cat\/es\/blog\/como-preparar-la-pirinexus\/","og_site_name":"Ecovies de Girona","article_publisher":"https:\/\/www.facebook.com\/viesverdesgirona","article_modified_time":"2024-12-20T12:33:23+00:00","og_image":[{"url":"http:\/\/www.viesverdes.cat\/wp-content\/uploads\/2024\/12\/Com_preparar_la_pirinexus_portada.jpg"}],"twitter_card":"summary_large_image","twitter_site":"@viesverdesgi","twitter_misc":{"Tiempo de lectura":"7 minutos"},"schema":{"@context":"https:\/\/schema.org","@graph":[{"@type":"WebPage","@id":"https:\/\/www.viesverdes.cat\/es\/blog\/como-preparar-la-pirinexus\/","url":"https:\/\/www.viesverdes.cat\/es\/blog\/como-preparar-la-pirinexus\/","name":"C\u00f3mo preparar la Pirinexus: consejos esenciales - Ecovies de Girona","isPartOf":{"@id":"https:\/\/www.viesverdes.cat\/#website"},"primaryImageOfPage":{"@id":"https:\/\/www.viesverdes.cat\/es\/blog\/como-preparar-la-pirinexus\/#primaryimage"},"image":{"@id":"https:\/\/www.viesverdes.cat\/es\/blog\/como-preparar-la-pirinexus\/#primaryimage"},"thumbnailUrl":"http:\/\/www.viesverdes.cat\/wp-content\/uploads\/2024\/12\/Com_preparar_la_pirinexus_portada.jpg","datePublished":"2024-12-20T11:26:22+00:00","dateModified":"2024-12-20T12:33:23+00:00","description":"Descubre como preparar la ruta Pirinexus con estos consejos esenciales: planificaci\u00f3n de etapas, equipaci\u00f3n necesaria y recomendaciones sobre la mejor temporada para disfrutar al m\u00e1ximo de los 340 km de paisajes y cultura.","breadcrumb":{"@id":"https:\/\/www.viesverdes.cat\/es\/blog\/como-preparar-la-pirinexus\/#breadcrumb"},"inLanguage":"es","potentialAction":[{"@type":"ReadAction","target":["https:\/\/www.viesverdes.cat\/es\/blog\/como-preparar-la-pirinexus\/"]}]},{"@type":"ImageObject","inLanguage":"es","@id":"https:\/\/www.viesverdes.cat\/es\/blog\/como-preparar-la-pirinexus\/#primaryimage","url":"https:\/\/www.viesverdes.cat\/wp-content\/uploads\/2024\/12\/Com_preparar_la_pirinexus_portada.jpg","contentUrl":"https:\/\/www.viesverdes.cat\/wp-content\/uploads\/2024\/12\/Com_preparar_la_pirinexus_portada.jpg","width":1500,"height":520,"caption":"Com preparar la Pirinexus Iria Prendes"},{"@type":"BreadcrumbList","@id":"https:\/\/www.viesverdes.cat\/es\/blog\/como-preparar-la-pirinexus\/#breadcrumb","itemListElement":[{"@type":"ListItem","position":1,"name":"Inici","item":"https:\/\/www.viesverdes.cat\/"},{"@type":"ListItem","position":2,"name":"C\u00f3mo preparar la Pirinexus: consejos esenciales"}]},{"@type":"WebSite","@id":"https:\/\/www.viesverdes.cat\/#website","url":"https:\/\/www.viesverdes.cat\/","name":"Vies Verdes i Pirinexus","description":"","publisher":{"@id":"https:\/\/www.viesverdes.cat\/#organization"},"potentialAction":[{"@type":"SearchAction","target":{"@type":"EntryPoint","urlTemplate":"https:\/\/www.viesverdes.cat\/?s={search_term_string}"},"query-input":"required name=search_term_string"}],"inLanguage":"es"},{"@type":"Organization","@id":"https:\/\/www.viesverdes.cat\/#organization","name":"Consorci de les Vies Verdes de Girona","url":"https:\/\/www.viesverdes.cat\/","logo":{"@type":"ImageObject","inLanguage":"es","@id":"https:\/\/www.viesverdes.cat\/#\/schema\/logo\/image\/","url":"https:\/\/www.viesverdes.cat\/wp-content\/uploads\/2023\/04\/Logo-Consorci-Vies-Verdes-color-1-e1682501524240.png","contentUrl":"https:\/\/www.viesverdes.cat\/wp-content\/uploads\/2023\/04\/Logo-Consorci-Vies-Verdes-color-1-e1682501524240.png","width":350,"height":41,"caption":"Consorci de les Vies Verdes de Girona"},"image":{"@id":"https:\/\/www.viesverdes.cat\/#\/schema\/logo\/image\/"},"sameAs":["https:\/\/www.facebook.com\/viesverdesgirona","https:\/\/twitter.com\/viesverdesgi","https:\/\/www.youtube.com\/viesverdesgi","https:\/\/www.instagram.com\/viesverdesgi\/"]}]}},"_links":{"self":[{"href":"https:\/\/www.viesverdes.cat\/es\/wp-json\/wp\/v2\/actualitat_nou\/26866"}],"collection":[{"href":"https:\/\/www.viesverdes.cat\/es\/wp-json\/wp\/v2\/actualitat_nou"}],"about":[{"href":"https:\/\/www.viesverdes.cat\/es\/wp-json\/wp\/v2\/types\/actualitat_nou"}],"version-history":[{"count":5,"href":"https:\/\/www.viesverdes.cat\/es\/wp-json\/wp\/v2\/actualitat_nou\/26866\/revisions"}],"predecessor-version":[{"id":26872,"href":"https:\/\/www.viesverdes.cat\/es\/wp-json\/wp\/v2\/actualitat_nou\/26866\/revisions\/26872"}],"wp:attachment":[{"href":"https:\/\/www.viesverdes.cat\/es\/wp-json\/wp\/v2\/media?parent=26866"}],"curies":[{"name":"wp","href":"https:\/\/api.w.org\/{rel}","templated":true}]}}