{"id":27415,"date":"2025-03-07T12:18:30","date_gmt":"2025-03-07T11:18:30","guid":{"rendered":"https:\/\/www.viesverdes.cat\/blog\/diari-de-viatge-pirinexus-part-1\/"},"modified":"2025-03-11T14:53:11","modified_gmt":"2025-03-11T13:53:11","slug":"diario-de-viaje-pirinexus-parte-1","status":"publish","type":"actualitat_nou","link":"https:\/\/www.viesverdes.cat\/es\/blog\/diario-de-viaje-pirinexus-parte-1\/","title":{"rendered":"Diario de viaje: Pirinexus (1\/2)"},"content":{"rendered":"\t\t<div data-elementor-type=\"wp-post\" data-elementor-id=\"27415\" class=\"elementor elementor-27415 elementor-27356\">\n\t\t\t\t\t\t\t\t\t<section class=\"elementor-section elementor-top-section elementor-element elementor-element-152bff1d elementor-section-full_width elementor-section-height-default elementor-section-height-default\" data-id=\"152bff1d\" data-element_type=\"section\">\n\t\t\t\t\t\t<div class=\"elementor-container elementor-column-gap-default\">\n\t\t\t\t\t<div class=\"elementor-column elementor-col-100 elementor-top-column elementor-element elementor-element-31757357\" data-id=\"31757357\" data-element_type=\"column\">\n\t\t\t<div class=\"elementor-widget-wrap elementor-element-populated\">\n\t\t\t\t\t\t\t\t<div class=\"elementor-element elementor-element-146565fe elementor-hidden-mobile elementor-widget elementor-widget-image\" data-id=\"146565fe\" data-element_type=\"widget\" data-widget_type=\"image.default\">\n\t\t\t\t<div class=\"elementor-widget-container\">\n\t\t\t<style>\/*! elementor - v3.15.0 - 31-07-2023 *\/\n.elementor-widget-image{text-align:center}.elementor-widget-image a{display:inline-block}.elementor-widget-image a img[src$=\".svg\"]{width:48px}.elementor-widget-image img{vertical-align:middle;display:inline-block}<\/style>\t\t\t\t\t\t\t\t\t\t\t\t<img loading=\"lazy\" decoding=\"async\" width=\"1500\" height=\"520\" src=\"https:\/\/www.viesverdes.cat\/wp-content\/uploads\/2025\/03\/Portada-diari-Pirinexus-part-1.jpg\" class=\"attachment-full size-full wp-image-27402\" alt=\"Diari Pirinexus Iria Prendes part 1\" srcset=\"https:\/\/www.viesverdes.cat\/wp-content\/uploads\/2025\/03\/Portada-diari-Pirinexus-part-1.jpg 1500w, https:\/\/www.viesverdes.cat\/wp-content\/uploads\/2025\/03\/Portada-diari-Pirinexus-part-1-300x104.jpg 300w, https:\/\/www.viesverdes.cat\/wp-content\/uploads\/2025\/03\/Portada-diari-Pirinexus-part-1-768x266.jpg 768w, https:\/\/www.viesverdes.cat\/wp-content\/uploads\/2025\/03\/Portada-diari-Pirinexus-part-1-1024x355.jpg 1024w\" sizes=\"(max-width: 1500px) 100vw, 1500px\" \/>\t\t\t\t\t\t\t\t\t\t\t\t\t\t\t<\/div>\n\t\t\t\t<\/div>\n\t\t\t\t\t<\/div>\n\t\t<\/div>\n\t\t\t\t\t\t\t<\/div>\n\t\t<\/section>\n\t\t\t\t<section class=\"elementor-section elementor-top-section elementor-element elementor-element-178dfed4 elementor-section-boxed elementor-section-height-default elementor-section-height-default\" data-id=\"178dfed4\" data-element_type=\"section\">\n\t\t\t\t\t\t<div class=\"elementor-container elementor-column-gap-default\">\n\t\t\t\t\t<div class=\"elementor-column elementor-col-100 elementor-top-column elementor-element elementor-element-1e67aeee\" data-id=\"1e67aeee\" data-element_type=\"column\">\n\t\t\t<div class=\"elementor-widget-wrap elementor-element-populated\">\n\t\t\t\t\t\t\t\t<div class=\"elementor-element elementor-element-75a7c2ea elementor-hidden-desktop elementor-hidden-tablet elementor-widget elementor-widget-image\" data-id=\"75a7c2ea\" data-element_type=\"widget\" data-widget_type=\"image.default\">\n\t\t\t\t<div class=\"elementor-widget-container\">\n\t\t\t\t\t\t\t\t\t\t\t\t\t\t\t<img loading=\"lazy\" decoding=\"async\" width=\"1500\" height=\"1125\" src=\"https:\/\/www.viesverdes.cat\/wp-content\/uploads\/2025\/03\/Portada-diari-Pirinexus-part-2.jpg\" class=\"attachment-full size-full wp-image-27406\" alt=\"\" srcset=\"https:\/\/www.viesverdes.cat\/wp-content\/uploads\/2025\/03\/Portada-diari-Pirinexus-part-2.jpg 1500w, https:\/\/www.viesverdes.cat\/wp-content\/uploads\/2025\/03\/Portada-diari-Pirinexus-part-2-300x225.jpg 300w, https:\/\/www.viesverdes.cat\/wp-content\/uploads\/2025\/03\/Portada-diari-Pirinexus-part-2-768x576.jpg 768w, https:\/\/www.viesverdes.cat\/wp-content\/uploads\/2025\/03\/Portada-diari-Pirinexus-part-2-1024x768.jpg 1024w\" sizes=\"(max-width: 1500px) 100vw, 1500px\" \/>\t\t\t\t\t\t\t\t\t\t\t\t\t\t\t<\/div>\n\t\t\t\t<\/div>\n\t\t\t\t\t<\/div>\n\t\t<\/div>\n\t\t\t\t\t\t\t<\/div>\n\t\t<\/section>\n\t\t\t\t<section class=\"elementor-section elementor-top-section elementor-element elementor-element-49142292 elementor-hidden-mobile elementor-section-boxed elementor-section-height-default elementor-section-height-default\" data-id=\"49142292\" data-element_type=\"section\">\n\t\t\t\t\t\t<div class=\"elementor-container elementor-column-gap-default\">\n\t\t\t\t\t<div class=\"elementor-column elementor-col-50 elementor-top-column elementor-element elementor-element-59e310f0\" data-id=\"59e310f0\" data-element_type=\"column\">\n\t\t\t<div class=\"elementor-widget-wrap elementor-element-populated\">\n\t\t\t\t\t\t\t\t<section class=\"elementor-section elementor-inner-section elementor-element elementor-element-4a58dd9d elementor-section-boxed elementor-section-height-default elementor-section-height-default\" data-id=\"4a58dd9d\" data-element_type=\"section\">\n\t\t\t\t\t\t<div class=\"elementor-container elementor-column-gap-default\">\n\t\t\t\t\t<div class=\"elementor-column elementor-col-50 elementor-inner-column elementor-element elementor-element-698ead9c\" data-id=\"698ead9c\" data-element_type=\"column\">\n\t\t\t<div class=\"elementor-widget-wrap elementor-element-populated\">\n\t\t\t\t\t\t\t\t<div class=\"elementor-element elementor-element-5d87a348 elementor-widget elementor-widget-image\" data-id=\"5d87a348\" data-element_type=\"widget\" data-widget_type=\"image.default\">\n\t\t\t\t<div class=\"elementor-widget-container\">\n\t\t\t\t\t\t\t\t\t\t\t\t\t\t\t<img loading=\"lazy\" decoding=\"async\" width=\"87\" height=\"87\" src=\"https:\/\/www.viesverdes.cat\/wp-content\/uploads\/2024\/11\/Iria-Prendes-Foto-Perfil-87x87.jpg\" class=\"attachment-mini size-mini wp-image-26462\" alt=\"Iria Prendes\" srcset=\"https:\/\/www.viesverdes.cat\/wp-content\/uploads\/2024\/11\/Iria-Prendes-Foto-Perfil-87x87.jpg 87w, https:\/\/www.viesverdes.cat\/wp-content\/uploads\/2024\/11\/Iria-Prendes-Foto-Perfil-150x150.jpg 150w, https:\/\/www.viesverdes.cat\/wp-content\/uploads\/2024\/11\/Iria-Prendes-Foto-Perfil-300x300.jpg 300w, https:\/\/www.viesverdes.cat\/wp-content\/uploads\/2024\/11\/Iria-Prendes-Foto-Perfil.jpg 640w\" sizes=\"(max-width: 87px) 100vw, 87px\" \/>\t\t\t\t\t\t\t\t\t\t\t\t\t\t\t<\/div>\n\t\t\t\t<\/div>\n\t\t\t\t\t<\/div>\n\t\t<\/div>\n\t\t\t\t<div class=\"elementor-column elementor-col-50 elementor-inner-column elementor-element elementor-element-f2afdd5\" data-id=\"f2afdd5\" data-element_type=\"column\">\n\t\t\t<div class=\"elementor-widget-wrap elementor-element-populated\">\n\t\t\t\t\t\t\t\t<div class=\"elementor-element elementor-element-430561a5 elementor-widget__width-initial elementor-widget elementor-widget-text-editor\" data-id=\"430561a5\" data-element_type=\"widget\" data-widget_type=\"text-editor.default\">\n\t\t\t\t<div class=\"elementor-widget-container\">\n\t\t\t<style>\/*! elementor - v3.15.0 - 31-07-2023 *\/\n.elementor-widget-text-editor.elementor-drop-cap-view-stacked .elementor-drop-cap{background-color:#69727d;color:#fff}.elementor-widget-text-editor.elementor-drop-cap-view-framed .elementor-drop-cap{color:#69727d;border:3px solid;background-color:transparent}.elementor-widget-text-editor:not(.elementor-drop-cap-view-default) .elementor-drop-cap{margin-top:8px}.elementor-widget-text-editor:not(.elementor-drop-cap-view-default) .elementor-drop-cap-letter{width:1em;height:1em}.elementor-widget-text-editor .elementor-drop-cap{float:left;text-align:center;line-height:1;font-size:50px}.elementor-widget-text-editor .elementor-drop-cap-letter{display:inline-block}<\/style>\t\t\t\t<p>Autor:<b> Iria Prendes<\/b><\/p><p>07\/03\/2025<\/p>\t\t\t\t\t\t<\/div>\n\t\t\t\t<\/div>\n\t\t\t\t\t<\/div>\n\t\t<\/div>\n\t\t\t\t\t\t\t<\/div>\n\t\t<\/section>\n\t\t\t\t\t<\/div>\n\t\t<\/div>\n\t\t\t\t<div class=\"elementor-column elementor-col-50 elementor-top-column elementor-element elementor-element-785ff3ce\" data-id=\"785ff3ce\" data-element_type=\"column\">\n\t\t\t<div class=\"elementor-widget-wrap elementor-element-populated\">\n\t\t\t\t\t\t\t\t<div class=\"elementor-element elementor-element-52ff5652 elementor-shape-circle e-grid-align-right elementor-grid-0 elementor-widget elementor-widget-social-icons\" data-id=\"52ff5652\" data-element_type=\"widget\" data-widget_type=\"social-icons.default\">\n\t\t\t\t<div class=\"elementor-widget-container\">\n\t\t\t<style>\/*! elementor - v3.15.0 - 31-07-2023 *\/\n.elementor-widget-social-icons.elementor-grid-0 .elementor-widget-container,.elementor-widget-social-icons.elementor-grid-mobile-0 .elementor-widget-container,.elementor-widget-social-icons.elementor-grid-tablet-0 .elementor-widget-container{line-height:1;font-size:0}.elementor-widget-social-icons:not(.elementor-grid-0):not(.elementor-grid-tablet-0):not(.elementor-grid-mobile-0) .elementor-grid{display:inline-grid}.elementor-widget-social-icons .elementor-grid{grid-column-gap:var(--grid-column-gap,5px);grid-row-gap:var(--grid-row-gap,5px);grid-template-columns:var(--grid-template-columns);justify-content:var(--justify-content,center);justify-items:var(--justify-content,center)}.elementor-icon.elementor-social-icon{font-size:var(--icon-size,25px);line-height:var(--icon-size,25px);width:calc(var(--icon-size, 25px) + (2 * var(--icon-padding, .5em)));height:calc(var(--icon-size, 25px) + (2 * var(--icon-padding, .5em)))}.elementor-social-icon{--e-social-icon-icon-color:#fff;display:inline-flex;background-color:#69727d;align-items:center;justify-content:center;text-align:center;cursor:pointer}.elementor-social-icon i{color:var(--e-social-icon-icon-color)}.elementor-social-icon svg{fill:var(--e-social-icon-icon-color)}.elementor-social-icon:last-child{margin:0}.elementor-social-icon:hover{opacity:.9;color:#fff}.elementor-social-icon-android{background-color:#a4c639}.elementor-social-icon-apple{background-color:#999}.elementor-social-icon-behance{background-color:#1769ff}.elementor-social-icon-bitbucket{background-color:#205081}.elementor-social-icon-codepen{background-color:#000}.elementor-social-icon-delicious{background-color:#39f}.elementor-social-icon-deviantart{background-color:#05cc47}.elementor-social-icon-digg{background-color:#005be2}.elementor-social-icon-dribbble{background-color:#ea4c89}.elementor-social-icon-elementor{background-color:#d30c5c}.elementor-social-icon-envelope{background-color:#ea4335}.elementor-social-icon-facebook,.elementor-social-icon-facebook-f{background-color:#3b5998}.elementor-social-icon-flickr{background-color:#0063dc}.elementor-social-icon-foursquare{background-color:#2d5be3}.elementor-social-icon-free-code-camp,.elementor-social-icon-freecodecamp{background-color:#006400}.elementor-social-icon-github{background-color:#333}.elementor-social-icon-gitlab{background-color:#e24329}.elementor-social-icon-globe{background-color:#69727d}.elementor-social-icon-google-plus,.elementor-social-icon-google-plus-g{background-color:#dd4b39}.elementor-social-icon-houzz{background-color:#7ac142}.elementor-social-icon-instagram{background-color:#262626}.elementor-social-icon-jsfiddle{background-color:#487aa2}.elementor-social-icon-link{background-color:#818a91}.elementor-social-icon-linkedin,.elementor-social-icon-linkedin-in{background-color:#0077b5}.elementor-social-icon-medium{background-color:#00ab6b}.elementor-social-icon-meetup{background-color:#ec1c40}.elementor-social-icon-mixcloud{background-color:#273a4b}.elementor-social-icon-odnoklassniki{background-color:#f4731c}.elementor-social-icon-pinterest{background-color:#bd081c}.elementor-social-icon-product-hunt{background-color:#da552f}.elementor-social-icon-reddit{background-color:#ff4500}.elementor-social-icon-rss{background-color:#f26522}.elementor-social-icon-shopping-cart{background-color:#4caf50}.elementor-social-icon-skype{background-color:#00aff0}.elementor-social-icon-slideshare{background-color:#0077b5}.elementor-social-icon-snapchat{background-color:#fffc00}.elementor-social-icon-soundcloud{background-color:#f80}.elementor-social-icon-spotify{background-color:#2ebd59}.elementor-social-icon-stack-overflow{background-color:#fe7a15}.elementor-social-icon-steam{background-color:#00adee}.elementor-social-icon-stumbleupon{background-color:#eb4924}.elementor-social-icon-telegram{background-color:#2ca5e0}.elementor-social-icon-thumb-tack{background-color:#1aa1d8}.elementor-social-icon-tripadvisor{background-color:#589442}.elementor-social-icon-tumblr{background-color:#35465c}.elementor-social-icon-twitch{background-color:#6441a5}.elementor-social-icon-twitter{background-color:#1da1f2}.elementor-social-icon-viber{background-color:#665cac}.elementor-social-icon-vimeo{background-color:#1ab7ea}.elementor-social-icon-vk{background-color:#45668e}.elementor-social-icon-weibo{background-color:#dd2430}.elementor-social-icon-weixin{background-color:#31a918}.elementor-social-icon-whatsapp{background-color:#25d366}.elementor-social-icon-wordpress{background-color:#21759b}.elementor-social-icon-xing{background-color:#026466}.elementor-social-icon-yelp{background-color:#af0606}.elementor-social-icon-youtube{background-color:#cd201f}.elementor-social-icon-500px{background-color:#0099e5}.elementor-shape-rounded .elementor-icon.elementor-social-icon{border-radius:10%}.elementor-shape-circle .elementor-icon.elementor-social-icon{border-radius:50%}<\/style>\t\t<div class=\"elementor-social-icons-wrapper elementor-grid\">\n\t\t\t\t\t\t\t<span class=\"elementor-grid-item\">\n\t\t\t\t\t<a class=\"elementor-icon elementor-social-icon elementor-social-icon-instagram elementor-animation-grow elementor-repeater-item-98a56ae\" href=\"https:\/\/www.instagram.com\/iriaprendes\/\" target=\"_blank\">\n\t\t\t\t\t\t<span class=\"elementor-screen-only\">Instagram<\/span>\n\t\t\t\t\t\t<i class=\"fab fa-instagram\"><\/i>\t\t\t\t\t<\/a>\n\t\t\t\t<\/span>\n\t\t\t\t\t\t\t<span class=\"elementor-grid-item\">\n\t\t\t\t\t<a class=\"elementor-icon elementor-social-icon elementor-social-icon-facebook elementor-animation-grow elementor-repeater-item-9c2cbf4\" href=\"https:\/\/www.facebook.com\/iriaprendescicloviajera\" target=\"_blank\">\n\t\t\t\t\t\t<span class=\"elementor-screen-only\">Facebook<\/span>\n\t\t\t\t\t\t<i class=\"fab fa-facebook\"><\/i>\t\t\t\t\t<\/a>\n\t\t\t\t<\/span>\n\t\t\t\t\t\t\t<span class=\"elementor-grid-item\">\n\t\t\t\t\t<a class=\"elementor-icon elementor-social-icon elementor-social-icon-youtube elementor-animation-grow elementor-repeater-item-4c97667\" href=\"https:\/\/www.youtube.com\/@iriaprendes\" target=\"_blank\">\n\t\t\t\t\t\t<span class=\"elementor-screen-only\">Youtube<\/span>\n\t\t\t\t\t\t<i class=\"fab fa-youtube\"><\/i>\t\t\t\t\t<\/a>\n\t\t\t\t<\/span>\n\t\t\t\t\t<\/div>\n\t\t\t\t<\/div>\n\t\t\t\t<\/div>\n\t\t\t\t\t<\/div>\n\t\t<\/div>\n\t\t\t\t\t\t\t<\/div>\n\t\t<\/section>\n\t\t\t\t<section class=\"elementor-section elementor-top-section elementor-element elementor-element-32e4e61a elementor-section-boxed elementor-section-height-default elementor-section-height-default\" data-id=\"32e4e61a\" data-element_type=\"section\">\n\t\t\t\t\t\t<div class=\"elementor-container elementor-column-gap-default\">\n\t\t\t\t\t<div class=\"elementor-column elementor-col-100 elementor-top-column elementor-element elementor-element-7ad48631\" data-id=\"7ad48631\" data-element_type=\"column\">\n\t\t\t<div class=\"elementor-widget-wrap elementor-element-populated\">\n\t\t\t\t\t\t\t\t<div class=\"elementor-element elementor-element-71f5b403 elementor-widget elementor-widget-heading\" data-id=\"71f5b403\" data-element_type=\"widget\" data-widget_type=\"heading.default\">\n\t\t\t\t<div class=\"elementor-widget-container\">\n\t\t\t<style>\/*! elementor - v3.15.0 - 31-07-2023 *\/\n.elementor-heading-title{padding:0;margin:0;line-height:1}.elementor-widget-heading .elementor-heading-title[class*=elementor-size-]>a{color:inherit;font-size:inherit;line-height:inherit}.elementor-widget-heading .elementor-heading-title.elementor-size-small{font-size:15px}.elementor-widget-heading .elementor-heading-title.elementor-size-medium{font-size:19px}.elementor-widget-heading .elementor-heading-title.elementor-size-large{font-size:29px}.elementor-widget-heading .elementor-heading-title.elementor-size-xl{font-size:39px}.elementor-widget-heading .elementor-heading-title.elementor-size-xxl{font-size:59px}<\/style><h1 class=\"elementor-heading-title elementor-size-xl\"><b>Diario de viaje: Pirinexus (1\/2)<\/b><\/h1>\t\t<\/div>\n\t\t\t\t<\/div>\n\t\t\t\t\t<\/div>\n\t\t<\/div>\n\t\t\t\t\t\t\t<\/div>\n\t\t<\/section>\n\t\t\t\t<section class=\"elementor-section elementor-top-section elementor-element elementor-element-7ffd807d elementor-hidden-desktop elementor-hidden-tablet elementor-section-boxed elementor-section-height-default elementor-section-height-default\" data-id=\"7ffd807d\" data-element_type=\"section\">\n\t\t\t\t\t\t<div class=\"elementor-container elementor-column-gap-default\">\n\t\t\t\t\t<div class=\"elementor-column elementor-col-50 elementor-top-column elementor-element elementor-element-7c3d74c7\" data-id=\"7c3d74c7\" data-element_type=\"column\">\n\t\t\t<div class=\"elementor-widget-wrap elementor-element-populated\">\n\t\t\t\t\t\t\t\t<div class=\"elementor-element elementor-element-7fbbad29 elementor-widget elementor-widget-text-editor\" data-id=\"7fbbad29\" data-element_type=\"widget\" data-widget_type=\"text-editor.default\">\n\t\t\t\t<div class=\"elementor-widget-container\">\n\t\t\t\t\t\t\t<p style=\"text-align: left;\">Autor:<b> Iria Prendes<\/b><\/p><p style=\"text-align: left;\">27\/11\/2024<\/p>\t\t\t\t\t\t<\/div>\n\t\t\t\t<\/div>\n\t\t\t\t\t<\/div>\n\t\t<\/div>\n\t\t\t\t<div class=\"elementor-column elementor-col-50 elementor-top-column elementor-element elementor-element-5f04ea64\" data-id=\"5f04ea64\" data-element_type=\"column\">\n\t\t\t<div class=\"elementor-widget-wrap elementor-element-populated\">\n\t\t\t\t\t\t\t\t<div class=\"elementor-element elementor-element-4a1423c8 elementor-shape-circle e-grid-align-mobile-left elementor-grid-0 e-grid-align-center elementor-widget elementor-widget-social-icons\" data-id=\"4a1423c8\" data-element_type=\"widget\" data-widget_type=\"social-icons.default\">\n\t\t\t\t<div class=\"elementor-widget-container\">\n\t\t\t\t\t<div class=\"elementor-social-icons-wrapper elementor-grid\">\n\t\t\t\t\t\t\t<span class=\"elementor-grid-item\">\n\t\t\t\t\t<a class=\"elementor-icon elementor-social-icon elementor-social-icon-instagram elementor-repeater-item-e0d2285\" href=\"https:\/\/www.instagram.com\/iriaprendes\/\" target=\"_blank\">\n\t\t\t\t\t\t<span class=\"elementor-screen-only\">Instagram<\/span>\n\t\t\t\t\t\t<i class=\"fab fa-instagram\"><\/i>\t\t\t\t\t<\/a>\n\t\t\t\t<\/span>\n\t\t\t\t\t\t\t<span class=\"elementor-grid-item\">\n\t\t\t\t\t<a class=\"elementor-icon elementor-social-icon elementor-social-icon-twitter elementor-repeater-item-6f25344\" href=\"https:\/\/x.com\/i\/flow\/login?redirect_after_login=%2Firiuccia\" target=\"_blank\">\n\t\t\t\t\t\t<span class=\"elementor-screen-only\">Twitter<\/span>\n\t\t\t\t\t\t<i class=\"fab fa-twitter\"><\/i>\t\t\t\t\t<\/a>\n\t\t\t\t<\/span>\n\t\t\t\t\t\t\t<span class=\"elementor-grid-item\">\n\t\t\t\t\t<a class=\"elementor-icon elementor-social-icon elementor-social-icon-facebook elementor-repeater-item-997ecd1\" href=\"https:\/\/www.facebook.com\/iriaprendescicloviajera\" target=\"_blank\">\n\t\t\t\t\t\t<span class=\"elementor-screen-only\">Facebook<\/span>\n\t\t\t\t\t\t<i class=\"fab fa-facebook\"><\/i>\t\t\t\t\t<\/a>\n\t\t\t\t<\/span>\n\t\t\t\t\t\t\t<span class=\"elementor-grid-item\">\n\t\t\t\t\t<a class=\"elementor-icon elementor-social-icon elementor-social-icon-youtube elementor-repeater-item-6af3074\" href=\"https:\/\/www.youtube.com\/@iriaprendes\" target=\"_blank\">\n\t\t\t\t\t\t<span class=\"elementor-screen-only\">Youtube<\/span>\n\t\t\t\t\t\t<i class=\"fab fa-youtube\"><\/i>\t\t\t\t\t<\/a>\n\t\t\t\t<\/span>\n\t\t\t\t\t<\/div>\n\t\t\t\t<\/div>\n\t\t\t\t<\/div>\n\t\t\t\t\t<\/div>\n\t\t<\/div>\n\t\t\t\t\t\t\t<\/div>\n\t\t<\/section>\n\t\t\t\t<section class=\"elementor-section elementor-top-section elementor-element elementor-element-1e4e4444 elementor-section-boxed elementor-section-height-default elementor-section-height-default\" data-id=\"1e4e4444\" data-element_type=\"section\">\n\t\t\t\t\t\t<div class=\"elementor-container elementor-column-gap-default\">\n\t\t\t\t\t<div class=\"elementor-column elementor-col-100 elementor-top-column elementor-element elementor-element-69340daf\" data-id=\"69340daf\" data-element_type=\"column\">\n\t\t\t<div class=\"elementor-widget-wrap elementor-element-populated\">\n\t\t\t\t\t\t\t\t<div class=\"elementor-element elementor-element-722a0e3b elementor-widget elementor-widget-spacer\" data-id=\"722a0e3b\" data-element_type=\"widget\" data-widget_type=\"spacer.default\">\n\t\t\t\t<div class=\"elementor-widget-container\">\n\t\t\t<style>\/*! elementor - v3.15.0 - 31-07-2023 *\/\n.elementor-column .elementor-spacer-inner{height:var(--spacer-size)}.e-con{--container-widget-width:100%}.e-con-inner>.elementor-widget-spacer,.e-con>.elementor-widget-spacer{width:var(--container-widget-width,var(--spacer-size));--align-self:var(--container-widget-align-self,initial);--flex-shrink:0}.e-con-inner>.elementor-widget-spacer>.elementor-widget-container,.e-con-inner>.elementor-widget-spacer>.elementor-widget-container>.elementor-spacer,.e-con>.elementor-widget-spacer>.elementor-widget-container,.e-con>.elementor-widget-spacer>.elementor-widget-container>.elementor-spacer{height:100%}.e-con-inner>.elementor-widget-spacer>.elementor-widget-container>.elementor-spacer>.elementor-spacer-inner,.e-con>.elementor-widget-spacer>.elementor-widget-container>.elementor-spacer>.elementor-spacer-inner{height:var(--container-widget-height,var(--spacer-size))}<\/style>\t\t<div class=\"elementor-spacer\">\n\t\t\t<div class=\"elementor-spacer-inner\"><\/div>\n\t\t<\/div>\n\t\t\t\t<\/div>\n\t\t\t\t<\/div>\n\t\t\t\t\t<\/div>\n\t\t<\/div>\n\t\t\t\t\t\t\t<\/div>\n\t\t<\/section>\n\t\t\t\t<section class=\"elementor-section elementor-top-section elementor-element elementor-element-678becdf elementor-section-boxed elementor-section-height-default elementor-section-height-default\" data-id=\"678becdf\" data-element_type=\"section\">\n\t\t\t\t\t\t<div class=\"elementor-container elementor-column-gap-default\">\n\t\t\t\t\t<div class=\"elementor-column elementor-col-100 elementor-top-column elementor-element elementor-element-256b6f8b\" data-id=\"256b6f8b\" data-element_type=\"column\">\n\t\t\t<div class=\"elementor-widget-wrap elementor-element-populated\">\n\t\t\t\t\t\t\t\t<div class=\"elementor-element elementor-element-6ada9363 elementor-widget__width-initial elementor-widget elementor-widget-text-editor\" data-id=\"6ada9363\" data-element_type=\"widget\" data-widget_type=\"text-editor.default\">\n\t\t\t\t<div class=\"elementor-widget-container\">\n\t\t\t\t\t\t\t<p><b>Esta es la primera parte de un relato de seis d\u00edas de cicloturismo por la ruta <a href=\"https:\/\/www.viesverdes.cat\/es\/pirinexus\/\"><span style=\"text-decoration: underline;\">Pirinexus<\/span><\/a>, <\/b>un viaje que me llev\u00f3<b> desde Girona hasta el coraz\u00f3n de los Pirineos y de vuelta al Mediterr\u00e1neo.<\/b> D\u00eda a d\u00eda, el paisaje iba transform\u00e1ndose, pasando de <b>monta\u00f1as y bosques frondosos a pueblos franceses tranquilos, campos de vi\u00f1edos y playas ba\u00f1adas por el sol.<\/b><\/p><p>Este texto es mucho m\u00e1s que un simple diario de viaje: <b>es una colecci\u00f3n de momentos y reflexiones, de encuentros y descubrimientos, de conexiones profundas con la naturaleza y con la historia.<\/b> Si alguna vez has so\u00f1ado con recorrer estos lugares en bicicleta, aqu\u00ed tienes <b>un adelanto de lo que te espera en esta aventura \u00fanica.<\/b> Bienvenida a la Pirinexus.<\/p>\t\t\t\t\t\t<\/div>\n\t\t\t\t<\/div>\n\t\t\t\t\t<\/div>\n\t\t<\/div>\n\t\t\t\t\t\t\t<\/div>\n\t\t<\/section>\n\t\t\t\t<section class=\"elementor-section elementor-top-section elementor-element elementor-element-70015b6 elementor-section-boxed elementor-section-height-default elementor-section-height-default\" data-id=\"70015b6\" data-element_type=\"section\">\n\t\t\t\t\t\t<div class=\"elementor-container elementor-column-gap-default\">\n\t\t\t\t\t<div class=\"elementor-column elementor-col-100 elementor-top-column elementor-element elementor-element-63f578f4\" data-id=\"63f578f4\" data-element_type=\"column\">\n\t\t\t<div class=\"elementor-widget-wrap elementor-element-populated\">\n\t\t\t\t\t\t\t\t<div class=\"elementor-element elementor-element-5bdde064 elementor-widget__width-initial elementor-widget elementor-widget-text-editor\" data-id=\"5bdde064\" data-element_type=\"widget\" data-widget_type=\"text-editor.default\">\n\t\t\t\t<div class=\"elementor-widget-container\">\n\t\t\t\t\t\t\t<h4><strong><span style=\"color: #000000;\">Primera etapa. De Girona a Olot<\/span><\/strong><\/h4>\t\t\t\t\t\t<\/div>\n\t\t\t\t<\/div>\n\t\t\t\t\t<\/div>\n\t\t<\/div>\n\t\t\t\t\t\t\t<\/div>\n\t\t<\/section>\n\t\t\t\t<section class=\"elementor-section elementor-top-section elementor-element elementor-element-3018f903 elementor-section-boxed elementor-section-height-default elementor-section-height-default\" data-id=\"3018f903\" data-element_type=\"section\">\n\t\t\t\t\t\t<div class=\"elementor-container elementor-column-gap-default\">\n\t\t\t\t\t<div class=\"elementor-column elementor-col-100 elementor-top-column elementor-element elementor-element-73b9b4d5\" data-id=\"73b9b4d5\" data-element_type=\"column\">\n\t\t\t<div class=\"elementor-widget-wrap elementor-element-populated\">\n\t\t\t\t\t\t\t\t<div class=\"elementor-element elementor-element-1bfb5298 elementor-widget__width-initial elementor-widget elementor-widget-text-editor\" data-id=\"1bfb5298\" data-element_type=\"widget\" data-widget_type=\"text-editor.default\">\n\t\t\t\t<div class=\"elementor-widget-container\">\n\t\t\t\t\t\t\t<p>El viaje comenz\u00f3 en <b>Girona, un enclave vibrante y destino ciclista por excelencia.<\/b> Este punto de partida ofrece <b>un entorno repleto de vida ciclista y rincones de gran belleza.<\/b> Es importante tener en cuenta que en el centro de la ciudad han modificado recientemente la normativa para los ciclistas, y <b>en muchos tramos es necesario bajarse de la bici y continuar caminando.<\/b><\/p><p>Sal\u00ed de Girona hacia Olot, siguiendo la <a href=\"https:\/\/www.viesverdes.cat\/rutes_vies_verdes\/ruta-del-carrilet-i\/\"><span style=\"text-decoration: underline;\"><strong>v\u00eda verde del Carrilet I<\/strong><\/span><\/a><b>. Este antiguo trazado ferroviario, casi sin desnivel, resulta perfecto para un d\u00eda de pedaleo tranquilo.<\/b> Los \u00faltimos d\u00edas llovi\u00f3 bastante y el paisaje est\u00e1 espectacular: <b>el r\u00edo baja cargado y el verde te llena la vista. <\/b>Empiezo este viaje con mucha ilusi\u00f3n, y aunque hay una amenaza de lluvia en los pr\u00f3ximos d\u00edas, <b>el sol me acompa\u00f1a, y para alguien del norte como yo, eso ya es un lujo.<\/b><\/p><p>Mi salida se retras\u00f3 un poco; entre <b>el desayuno, una vuelta por el casco antiguo y una visita r\u00e1pida a la catedral,<\/b> no logr\u00e9 ponerme en marcha hasta despu\u00e9s de las 12. Con todo, fui relajada, <b>conozco esta v\u00eda y sab\u00eda que era f\u00e1cil y c\u00f3moda, lo que me dio confianza para disfrutar del camino.<\/b><\/p><p>Par\u00e9 tarde a comer junto a la v\u00eda verde, y, por casualidad, me encuentro con Najat, una compa\u00f1era de <b><span style=\"text-decoration: underline;\"><a href=\"https:\/\/soycicloviajera.com\/\">SoyCicloviajera<\/a><\/span>.<\/b> Ella iba en sentido contrario con un grupo de <b>ciclistas en bicicletas adaptadas,<\/b> y charlamos un rato sobre <b>la accesibilidad de la ruta y lo importante que es un buen pavimento<\/b> para quienes llevan este tipo de bicis. Una charla breve pero que me dej\u00f3 pensando el resto de la tarde, <b>una reflexi\u00f3n bonita sobre lo que significa hacer el camino accesible para todas las personas.<\/b><\/p><p>La tarde transcurri\u00f3 sin sobresaltos. <b>Es s\u00e1bado, y la v\u00eda estaba llena de familias; es genial ver a los m\u00e1s peque\u00f1os dando sus primeras pedaladas en un sitio seguro y acogedor.<\/b> A medida que avanzaba, iba saludando a otros ciclistas y peatones, adoptando el t\u00edpico &#8220;ad\u00e9u&#8221; de la regi\u00f3n en lugar de mi habitual &#8220;buenas&#8221;. <b>La respuesta c\u00e1lida de la gente me hace sentir bienvenida.<\/b><\/p><p>El recorrido pas\u00f3 por <b>pueblos preciosos como La Cellera de Ter, Amer<\/b> y <b>la Rectoria de Sant Miquel de Pineda.<\/b> <b>Por el camino hay peque\u00f1as cascadas y pozas<\/b> escondidas que invitan a hacer paradas r\u00e1pidas para disfrutar de estos rincones. De camino a Olot, <b>el paisaje volc\u00e1nico que rodea la ciudad es impresionante<\/b> y tiene un toque muy especial, <b>mientras disfrutaba de la \u201cgolden hour\u201d y la luna ya me acompa\u00f1aba.<\/b><\/p><p>Finalmente, llegu\u00e9 a <b>Olot <\/b>y us\u00e9 el <b><span style=\"text-decoration: underline;\"><a href=\"https:\/\/planificador.viesverdes.cat\/es\/\">planificador<\/a><\/span> de la web para buscar alojamiento.<\/b> Encontr\u00e9 el hotel La Perla, y cuando llego, \u00a1sorpresa! <b>Me hacen un descuento especial por estar recorriendo la Pirinexus.<\/b><\/p>\t\t\t\t\t\t<\/div>\n\t\t\t\t<\/div>\n\t\t\t\t\t<\/div>\n\t\t<\/div>\n\t\t\t\t\t\t\t<\/div>\n\t\t<\/section>\n\t\t\t\t<section class=\"elementor-section elementor-top-section elementor-element elementor-element-2fe03351 elementor-section-boxed elementor-section-height-default elementor-section-height-default\" data-id=\"2fe03351\" data-element_type=\"section\">\n\t\t\t\t\t\t<div class=\"elementor-container elementor-column-gap-default\">\n\t\t\t\t\t<div class=\"elementor-column elementor-col-100 elementor-top-column elementor-element elementor-element-7de75335\" data-id=\"7de75335\" data-element_type=\"column\">\n\t\t\t<div class=\"elementor-widget-wrap elementor-element-populated\">\n\t\t\t\t\t\t\t\t<div class=\"elementor-element elementor-element-58592dbf elementor-widget__width-initial elementor-widget elementor-widget-text-editor\" data-id=\"58592dbf\" data-element_type=\"widget\" data-widget_type=\"text-editor.default\">\n\t\t\t\t<div class=\"elementor-widget-container\">\n\t\t\t\t\t\t\t<p><b>Consejo del D\u00eda:<\/b> Aunque la ruta no presenta un desnivel significativo, los 69 km pueden hacerse largos si no se planifican bien las paradas. Mi consejo es <strong>salir temprano, tomarse descansos y disfrutar del recorrido sin prisas.<\/strong><\/p>\t\t\t\t\t\t<\/div>\n\t\t\t\t<\/div>\n\t\t\t\t\t<\/div>\n\t\t<\/div>\n\t\t\t\t\t\t\t<\/div>\n\t\t<\/section>\n\t\t\t\t<section class=\"elementor-section elementor-top-section elementor-element elementor-element-6d97f75 elementor-section-boxed elementor-section-height-default elementor-section-height-default\" data-id=\"6d97f75\" data-element_type=\"section\">\n\t\t\t\t\t\t<div class=\"elementor-container elementor-column-gap-default\">\n\t\t\t\t\t<div class=\"elementor-column elementor-col-100 elementor-top-column elementor-element elementor-element-2b0890ad\" data-id=\"2b0890ad\" data-element_type=\"column\">\n\t\t\t<div class=\"elementor-widget-wrap elementor-element-populated\">\n\t\t\t\t\t\t\t\t<div class=\"elementor-element elementor-element-250b945d elementor-widget elementor-widget-image\" data-id=\"250b945d\" data-element_type=\"widget\" data-widget_type=\"image.default\">\n\t\t\t\t<div class=\"elementor-widget-container\">\n\t\t\t\t\t\t\t\t\t\t\t\t<figure class=\"wp-caption\">\n\t\t\t\t\t\t\t\t\t\t<img loading=\"lazy\" decoding=\"async\" width=\"1500\" height=\"800\" src=\"https:\/\/www.viesverdes.cat\/wp-content\/uploads\/2025\/03\/Etapa-1-Pirinexus.jpg\" class=\"attachment-full size-full wp-image-27377\" alt=\"Etapa 1 Pirinexus Girona - Olot\" srcset=\"https:\/\/www.viesverdes.cat\/wp-content\/uploads\/2025\/03\/Etapa-1-Pirinexus.jpg 1500w, https:\/\/www.viesverdes.cat\/wp-content\/uploads\/2025\/03\/Etapa-1-Pirinexus-300x160.jpg 300w, https:\/\/www.viesverdes.cat\/wp-content\/uploads\/2025\/03\/Etapa-1-Pirinexus-768x410.jpg 768w, https:\/\/www.viesverdes.cat\/wp-content\/uploads\/2025\/03\/Etapa-1-Pirinexus-1024x546.jpg 1024w\" sizes=\"(max-width: 1500px) 100vw, 1500px\" \/>\t\t\t\t\t\t\t\t\t\t\t<figcaption class=\"widget-image-caption wp-caption-text\">Ciclista en la Pilastra. Foto: Cris Maristany<\/figcaption>\n\t\t\t\t\t\t\t\t\t\t<\/figure>\n\t\t\t\t\t\t\t\t\t<\/div>\n\t\t\t\t<\/div>\n\t\t\t\t\t<\/div>\n\t\t<\/div>\n\t\t\t\t\t\t\t<\/div>\n\t\t<\/section>\n\t\t\t\t<section class=\"elementor-section elementor-top-section elementor-element elementor-element-bebfafd elementor-section-boxed elementor-section-height-default elementor-section-height-default\" data-id=\"bebfafd\" data-element_type=\"section\">\n\t\t\t\t\t\t<div class=\"elementor-container elementor-column-gap-default\">\n\t\t\t\t\t<div class=\"elementor-column elementor-col-100 elementor-top-column elementor-element elementor-element-3f35e75\" data-id=\"3f35e75\" data-element_type=\"column\">\n\t\t\t<div class=\"elementor-widget-wrap elementor-element-populated\">\n\t\t\t\t\t\t\t\t<div class=\"elementor-element elementor-element-20aacf4 elementor-widget__width-initial elementor-widget elementor-widget-text-editor\" data-id=\"20aacf4\" data-element_type=\"widget\" data-widget_type=\"text-editor.default\">\n\t\t\t\t<div class=\"elementor-widget-container\">\n\t\t\t\t\t\t\t<h4><strong><span style=\"color: #000000;\">Segunda etapa. De Olot a Espinavell<\/span><\/strong><\/h4>\t\t\t\t\t\t<\/div>\n\t\t\t\t<\/div>\n\t\t\t\t\t<\/div>\n\t\t<\/div>\n\t\t\t\t\t\t\t<\/div>\n\t\t<\/section>\n\t\t\t\t<section class=\"elementor-section elementor-top-section elementor-element elementor-element-148f4f42 elementor-section-boxed elementor-section-height-default elementor-section-height-default\" data-id=\"148f4f42\" data-element_type=\"section\">\n\t\t\t\t\t\t<div class=\"elementor-container elementor-column-gap-default\">\n\t\t\t\t\t<div class=\"elementor-column elementor-col-100 elementor-top-column elementor-element elementor-element-5b8270a9\" data-id=\"5b8270a9\" data-element_type=\"column\">\n\t\t\t<div class=\"elementor-widget-wrap elementor-element-populated\">\n\t\t\t\t\t\t\t\t<div class=\"elementor-element elementor-element-138b840b elementor-widget__width-initial elementor-widget elementor-widget-text-editor\" data-id=\"138b840b\" data-element_type=\"widget\" data-widget_type=\"text-editor.default\">\n\t\t\t\t<div class=\"elementor-widget-container\">\n\t\t\t\t\t\t\t<p>Dos cosas importantes que hay que hacer antes de emprender la marcha. <b>Tomar un buen caf\u00e9 y darse una vuelta por el centro de Olot, <\/b>para verlo de d\u00eda y sentir el ambiente local. Me qued\u00e9 sorprendida de los edificios bonitos que tiene la ciudad. <b>La he sentido una urbe muy agradable.<\/b><\/p><p>Hoy el recorrido me llev\u00f3 a <b>dos puertos: Coubet y Santigosa por la N260,<\/b> carretera muy tranquila y llena de ciclistas. Es domingo y se nota. <b>La carretera est\u00e1 asfaltada y la subida, aunque larga, es suave.<\/b> A medida que avanzaba, <b>disfruto del paisaje que va cambiando y se hace m\u00e1s amplio e impresionante.<\/b> Con el sol pegando fuerte, la subida se siente en las piernas, pero el aire fresco y las vistas lo compensan.<\/p><p>Al llegar a <b>Sant Joan de les Abadesses, <\/b>hago una parada obligada. Aprovecho para <b>dar un paseo por el casco antiguo<\/b> y seguir la ruta del <b>&#8220;<span style=\"text-decoration: underline;\"><a href=\"https:\/\/www.viesverdes.cat\/es\/rutes_vies_verdes\/sant-joan-de-les-abadesses-una-vila-de-llegendes\/\">Secreto de Sant Joan de les Abadesses<\/a><\/span>,&#8221;<\/b> que recorre <b>sus lugares m\u00e1s emblem\u00e1ticos y llenos de historia.<\/b> La abad\u00eda en el centro del pueblo impone y, adem\u00e1s, <b>me regalo una buena butifarra en uno de los restaurantes de la plaza,<\/b> \u00a1una recompensa perfecta!<\/p><p>Desde Sant Joan, continu\u00e9 por <b>la v\u00eda verde hacia Sant Pau de Seg\u00faries.<\/b> Es un tramo <b>c\u00f3modo y muy bien se\u00f1alizado,<\/b> que permite disfrutar del entorno sin prisas. Al cruzar la carretera general, me esperaba una subida m\u00e1s que me llev\u00f3 hasta Camprodon. Aqu\u00ed, el <b>paisaje empieza a mostrar las caracter\u00edsticas de la alta monta\u00f1a y el aire es tan puro que cada respiro es revitalizante.<\/b><\/p><p>En <b>Camprodon, <\/b>hice <b>una pausa junto al r\u00edo Ritort,<\/b> cuyo sonido relajante invitaba a detenerme y disfrutar. Busqu\u00e9 uno de los <b>&#8220;totem selfies&#8221; <\/b>que estoy coleccionando a lo largo de la ruta para mi \u00e1lbum de viaje; <b>se ha convertido en un juego dentro del viaje.<\/b> Cada uno tiene una vista diferente y este en particular es como una postal para enmarcar.<\/p><p>De Camprodon a <b>Moll\u00f3<\/b>, la carretera me va llev\u00f3 poco a poco hacia<b> terrenos de monta\u00f1a.<\/b> La se\u00f1alizaci\u00f3n indica ya la direcci\u00f3n hacia el Coll d\u2019Ares, mi meta para ma\u00f1ana. Decid\u00ed <b>subir un poco m\u00e1s y hacer noche en el refugio de Espinavell,<\/b> un pueblecito pre-pirineico. Al llegar, me esperaba una cena casera que me supo a gloria despu\u00e9s de la jornada <b>y el silencio de las monta\u00f1as me envolvi\u00f3 en una calma profunda.<\/b> Adem\u00e1s, \u00a1sorpresa! A<b>l estar haciendo la Pirinexus, me hicieron un descuento en el refugio,<\/b> detalles que hacen del viaje un poco m\u00e1s acogedor.<\/p>\t\t\t\t\t\t<\/div>\n\t\t\t\t<\/div>\n\t\t\t\t\t<\/div>\n\t\t<\/div>\n\t\t\t\t\t\t\t<\/div>\n\t\t<\/section>\n\t\t\t\t<section class=\"elementor-section elementor-top-section elementor-element elementor-element-11eab5c elementor-section-boxed elementor-section-height-default elementor-section-height-default\" data-id=\"11eab5c\" data-element_type=\"section\">\n\t\t\t\t\t\t<div class=\"elementor-container elementor-column-gap-default\">\n\t\t\t\t\t<div class=\"elementor-column elementor-col-100 elementor-top-column elementor-element elementor-element-089e280\" data-id=\"089e280\" data-element_type=\"column\">\n\t\t\t<div class=\"elementor-widget-wrap elementor-element-populated\">\n\t\t\t\t\t\t\t\t<div class=\"elementor-element elementor-element-cbb773a elementor-widget__width-initial elementor-widget elementor-widget-text-editor\" data-id=\"cbb773a\" data-element_type=\"widget\" data-widget_type=\"text-editor.default\">\n\t\t\t\t<div class=\"elementor-widget-container\">\n\t\t\t\t\t\t\t<p><b>Consejo del D\u00eda: <\/b><b>Dormir en Moll\u00f3 o Espinavell hace la jornada algo m\u00e1s exigente, pero merece la pena para dividir la subida hasta el Coll d\u2019Ares.<\/b> As\u00ed, los \u00faltimos 15 km, que son los m\u00e1s duros, se pueden hacer con energ\u00eda y frescura al d\u00eda siguiente, y el paisaje de alta monta\u00f1a hasta la cima es la mejor recompensa.<\/p>\t\t\t\t\t\t<\/div>\n\t\t\t\t<\/div>\n\t\t\t\t\t<\/div>\n\t\t<\/div>\n\t\t\t\t\t\t\t<\/div>\n\t\t<\/section>\n\t\t\t\t<section class=\"elementor-section elementor-top-section elementor-element elementor-element-0da2acc elementor-section-boxed elementor-section-height-default elementor-section-height-default\" data-id=\"0da2acc\" data-element_type=\"section\">\n\t\t\t\t\t\t<div class=\"elementor-container elementor-column-gap-default\">\n\t\t\t\t\t<div class=\"elementor-column elementor-col-100 elementor-top-column elementor-element elementor-element-c5fd4a9\" data-id=\"c5fd4a9\" data-element_type=\"column\">\n\t\t\t<div class=\"elementor-widget-wrap elementor-element-populated\">\n\t\t\t\t\t\t\t\t<div class=\"elementor-element elementor-element-693cbf4 elementor-widget elementor-widget-image\" data-id=\"693cbf4\" data-element_type=\"widget\" data-widget_type=\"image.default\">\n\t\t\t\t<div class=\"elementor-widget-container\">\n\t\t\t\t\t\t\t\t\t\t\t\t<figure class=\"wp-caption\">\n\t\t\t\t\t\t\t\t\t\t<img loading=\"lazy\" decoding=\"async\" width=\"1500\" height=\"800\" src=\"https:\/\/www.viesverdes.cat\/wp-content\/uploads\/2025\/03\/Etapa-2-Pirinexus.jpg\" class=\"attachment-full size-full wp-image-27381\" alt=\"Etapa 2 Pirinexus Olot - Espinavell\" srcset=\"https:\/\/www.viesverdes.cat\/wp-content\/uploads\/2025\/03\/Etapa-2-Pirinexus.jpg 1500w, https:\/\/www.viesverdes.cat\/wp-content\/uploads\/2025\/03\/Etapa-2-Pirinexus-300x160.jpg 300w, https:\/\/www.viesverdes.cat\/wp-content\/uploads\/2025\/03\/Etapa-2-Pirinexus-768x410.jpg 768w, https:\/\/www.viesverdes.cat\/wp-content\/uploads\/2025\/03\/Etapa-2-Pirinexus-1024x546.jpg 1024w\" sizes=\"(max-width: 1500px) 100vw, 1500px\" \/>\t\t\t\t\t\t\t\t\t\t\t<figcaption class=\"widget-image-caption wp-caption-text\">Bicicleta apoyada en un puente, ruta Pirinexus. Foto: Cris Maristany<\/figcaption>\n\t\t\t\t\t\t\t\t\t\t<\/figure>\n\t\t\t\t\t\t\t\t\t<\/div>\n\t\t\t\t<\/div>\n\t\t\t\t\t<\/div>\n\t\t<\/div>\n\t\t\t\t\t\t\t<\/div>\n\t\t<\/section>\n\t\t\t\t<section class=\"elementor-section elementor-top-section elementor-element elementor-element-c62cb4c elementor-section-boxed elementor-section-height-default elementor-section-height-default\" data-id=\"c62cb4c\" data-element_type=\"section\">\n\t\t\t\t\t\t<div class=\"elementor-container elementor-column-gap-default\">\n\t\t\t\t\t<div class=\"elementor-column elementor-col-100 elementor-top-column elementor-element elementor-element-08a764c\" data-id=\"08a764c\" data-element_type=\"column\">\n\t\t\t<div class=\"elementor-widget-wrap elementor-element-populated\">\n\t\t\t\t\t\t\t\t<div class=\"elementor-element elementor-element-e190225 elementor-widget__width-initial elementor-widget elementor-widget-text-editor\" data-id=\"e190225\" data-element_type=\"widget\" data-widget_type=\"text-editor.default\">\n\t\t\t\t<div class=\"elementor-widget-container\">\n\t\t\t\t\t\t\t<h4><strong><span style=\"color: #000000;\">Tercera etapa. De Espinavell a Ceret<\/span><\/strong><\/h4>\t\t\t\t\t\t<\/div>\n\t\t\t\t<\/div>\n\t\t\t\t\t<\/div>\n\t\t<\/div>\n\t\t\t\t\t\t\t<\/div>\n\t\t<\/section>\n\t\t\t\t<section class=\"elementor-section elementor-top-section elementor-element elementor-element-d3b3b75 elementor-section-boxed elementor-section-height-default elementor-section-height-default\" data-id=\"d3b3b75\" data-element_type=\"section\">\n\t\t\t\t\t\t<div class=\"elementor-container elementor-column-gap-default\">\n\t\t\t\t\t<div class=\"elementor-column elementor-col-100 elementor-top-column elementor-element elementor-element-e7bc676\" data-id=\"e7bc676\" data-element_type=\"column\">\n\t\t\t<div class=\"elementor-widget-wrap elementor-element-populated\">\n\t\t\t\t\t\t\t\t<div class=\"elementor-element elementor-element-a6e43f2 elementor-widget__width-initial elementor-widget elementor-widget-text-editor\" data-id=\"a6e43f2\" data-element_type=\"widget\" data-widget_type=\"text-editor.default\">\n\t\t\t\t<div class=\"elementor-widget-container\">\n\t\t\t\t\t\t\t<p>Qu\u00e9 delicia fue despertar entre monta\u00f1as, <b>con el aire fresco y un desayuno casero y local que reconfort\u00f3 desde el primer momento. <\/b>Apunto este peque\u00f1o pueblo como un sitio al que, sin duda, volver\u00e9 en el futuro. El reto del d\u00eda fueron <b>15 kil\u00f3metros de subida desde primera hora <\/b>y, antes del mediod\u00eda, ya estaba <b>coronando el Coll d\u2019Ares,<\/b> un puerto modesto de los Pirineos a 1,503 msnm. Este paso hacia Francia tiene una historia profunda, <b>ya que fue un camino de escape hacia el exilio durante la Guerra Civil espa\u00f1ola.<\/b> En el punto m\u00e1s alto, un monumento conmemorativo recordaba a aquellos que cruzaron estas monta\u00f1as en busca de refugio.<\/p><p><b>Viajar en bici me permite descubrir esta historia y detenerme en cada lugar para absorberla.<\/b> Este ritmo pausado me deja espacio para apreciar cada detalle, y me encanta esa calma que el viaje me va regalando.<\/p><p>El cielo despejado me dej\u00f3 unas vistas impresionantes, y no pude resistirme a aprovechar el &#8220;totem selfie&#8221; del lugar para llevarme otro recuerdo de esta etapa. <b>Hice una pausa en las mesas de picnic y termin\u00e9 charlando con otros viajeros y trabajadores de la zona.<\/b> Momentos como este le dan verdadero sentido al camino.<\/p><p>La <b>bajada hacia Francia <\/b>fue uno de los mejores momentos del d\u00eda: <b>el premio despu\u00e9s de la subida.<\/b> Llevar un cortavientos a mano result\u00f3 una buena decisi\u00f3n, porque <b>el viento era fuerte <\/b>y, tras algunos kil\u00f3metros, agradec\u00ed tener algo para abrigarme.<b> Qu\u00e9 lujo fue sentir el aire en la cara y la libertad en cada curva.<\/b><\/p><p>El primer pueblo franc\u00e9s al que llegu\u00e9 fue <b>Prats de Moll\u00f3,<\/b> donde <b>me detuve a disfrutar de un caf\u00e9 y un croissant. <\/b>\u00a1Qu\u00e9 delicia! La jornada continu\u00f3 con la <b>tranquilidad de saber que lo m\u00e1s dif\u00edcil ya estaba hecho,<\/b> y lo que quedaba era simplemente <b>disfrutar del recorrido.<\/b> Cruc\u00e9 un par de encantadores pueblos de la comarca de Vallespir, <b>avanzando despacio, observando cada detalle.<\/b> En una panader\u00eda, <b>compr\u00e9 una baguette y fiambre<\/b> y me sent\u00e9 al sol a degustar manjares franceses y segu\u00ed rumbo a <b>C\u00e9ret,<\/b> esta vez llegando un poco m\u00e1s temprano.<\/p><p>Tuve tiempo para <b>instalarme, darme una ducha y salir a pasear,<\/b> lo cual aprovech\u00e9 para explorar este encantador pueblo, <b>famoso por sus cerezas.<\/b><\/p>\t\t\t\t\t\t<\/div>\n\t\t\t\t<\/div>\n\t\t\t\t\t<\/div>\n\t\t<\/div>\n\t\t\t\t\t\t\t<\/div>\n\t\t<\/section>\n\t\t\t\t<section class=\"elementor-section elementor-top-section elementor-element elementor-element-87d6680 elementor-section-boxed elementor-section-height-default elementor-section-height-default\" data-id=\"87d6680\" data-element_type=\"section\">\n\t\t\t\t\t\t<div class=\"elementor-container elementor-column-gap-default\">\n\t\t\t\t\t<div class=\"elementor-column elementor-col-100 elementor-top-column elementor-element elementor-element-2e8dcd7\" data-id=\"2e8dcd7\" data-element_type=\"column\">\n\t\t\t<div class=\"elementor-widget-wrap elementor-element-populated\">\n\t\t\t\t\t\t\t\t<div class=\"elementor-element elementor-element-f43456b elementor-widget__width-initial elementor-widget elementor-widget-text-editor\" data-id=\"f43456b\" data-element_type=\"widget\" data-widget_type=\"text-editor.default\">\n\t\t\t\t<div class=\"elementor-widget-container\">\n\t\t\t\t\t\t\t<p><b>Consejo del D\u00eda:<\/b> Aunque hoy sientas que puedes avanzar m\u00e1s, recuerda que est\u00e1s en la mitad del viaje y llevas dos jornadas intensas. <b>Reg\u00e1late una tarde tranquila, disfrutando del ritmo relajado y la calma que este lugar te ofrece, sabiendo que ma\u00f1ana otro reto te espera<\/b>.<\/p>\t\t\t\t\t\t<\/div>\n\t\t\t\t<\/div>\n\t\t\t\t\t<\/div>\n\t\t<\/div>\n\t\t\t\t\t\t\t<\/div>\n\t\t<\/section>\n\t\t\t\t<section class=\"elementor-section elementor-top-section elementor-element elementor-element-d06ad2 elementor-section-boxed elementor-section-height-default elementor-section-height-default\" data-id=\"d06ad2\" data-element_type=\"section\">\n\t\t\t\t\t\t<div class=\"elementor-container elementor-column-gap-default\">\n\t\t\t\t\t<div class=\"elementor-column elementor-col-100 elementor-top-column elementor-element elementor-element-2b6e7f16\" data-id=\"2b6e7f16\" data-element_type=\"column\">\n\t\t\t<div class=\"elementor-widget-wrap elementor-element-populated\">\n\t\t\t\t\t\t\t\t<div class=\"elementor-element elementor-element-71cd3435 elementor-widget elementor-widget-image\" data-id=\"71cd3435\" data-element_type=\"widget\" data-widget_type=\"image.default\">\n\t\t\t\t<div class=\"elementor-widget-container\">\n\t\t\t\t\t\t\t\t\t\t\t\t<figure class=\"wp-caption\">\n\t\t\t\t\t\t\t\t\t\t<img loading=\"lazy\" decoding=\"async\" width=\"1500\" height=\"800\" src=\"https:\/\/www.viesverdes.cat\/wp-content\/uploads\/2025\/03\/Etapa-3-Pirinexus.jpg\" class=\"attachment-full size-full wp-image-27385\" alt=\"\" srcset=\"https:\/\/www.viesverdes.cat\/wp-content\/uploads\/2025\/03\/Etapa-3-Pirinexus.jpg 1500w, https:\/\/www.viesverdes.cat\/wp-content\/uploads\/2025\/03\/Etapa-3-Pirinexus-300x160.jpg 300w, https:\/\/www.viesverdes.cat\/wp-content\/uploads\/2025\/03\/Etapa-3-Pirinexus-768x410.jpg 768w, https:\/\/www.viesverdes.cat\/wp-content\/uploads\/2025\/03\/Etapa-3-Pirinexus-1024x546.jpg 1024w\" sizes=\"(max-width: 1500px) 100vw, 1500px\" \/>\t\t\t\t\t\t\t\t\t\t\t<figcaption class=\"widget-image-caption wp-caption-text\">Ciclista en el Coll d'Ares. Ruta Pirinexus. Foto: Cris Maristany<\/figcaption>\n\t\t\t\t\t\t\t\t\t\t<\/figure>\n\t\t\t\t\t\t\t\t\t<\/div>\n\t\t\t\t<\/div>\n\t\t\t\t\t<\/div>\n\t\t<\/div>\n\t\t\t\t\t\t\t<\/div>\n\t\t<\/section>\n\t\t\t\t<section class=\"elementor-section elementor-top-section elementor-element elementor-element-419c56f6 elementor-section-boxed elementor-section-height-default elementor-section-height-default\" data-id=\"419c56f6\" data-element_type=\"section\">\n\t\t\t\t\t\t<div class=\"elementor-container elementor-column-gap-default\">\n\t\t\t\t\t<div class=\"elementor-column elementor-col-100 elementor-top-column elementor-element elementor-element-1e9a4546\" data-id=\"1e9a4546\" data-element_type=\"column\">\n\t\t\t<div class=\"elementor-widget-wrap elementor-element-populated\">\n\t\t\t\t\t\t\t\t<div class=\"elementor-element elementor-element-59af3037 elementor-widget__width-initial elementor-widget elementor-widget-text-editor\" data-id=\"59af3037\" data-element_type=\"widget\" data-widget_type=\"text-editor.default\">\n\t\t\t\t<div class=\"elementor-widget-container\">\n\t\t\t\t\t\t\t<p>Y hasta aqu\u00ed, las <b>tres primeras etapas<\/b> de este viaje a trav\u00e9s de la <b>Pirinexus<\/b><strong>.<\/strong> Proximamente, \u00a1seguiremos con la otra mitad del viaje!<\/p>\t\t\t\t\t\t<\/div>\n\t\t\t\t<\/div>\n\t\t\t\t\t<\/div>\n\t\t<\/div>\n\t\t\t\t\t\t\t<\/div>\n\t\t<\/section>\n\t\t\t\t<section class=\"elementor-section elementor-top-section elementor-element elementor-element-d1e22be elementor-section-boxed elementor-section-height-default elementor-section-height-default\" data-id=\"d1e22be\" data-element_type=\"section\">\n\t\t\t\t\t\t<div class=\"elementor-container elementor-column-gap-default\">\n\t\t\t\t\t<div class=\"elementor-column elementor-col-100 elementor-top-column elementor-element elementor-element-4d9740c6\" data-id=\"4d9740c6\" data-element_type=\"column\">\n\t\t\t<div class=\"elementor-widget-wrap elementor-element-populated\">\n\t\t\t\t\t\t\t\t<div class=\"elementor-element elementor-element-52aabe97 elementor-widget__width-initial elementor-widget elementor-widget-text-editor\" data-id=\"52aabe97\" data-element_type=\"widget\" data-widget_type=\"text-editor.default\">\n\t\t\t\t<div class=\"elementor-widget-container\">\n\t\t\t\t\t\t\t<p>Para m\u00e1s informaci\u00f3n sobre la ruta Pirinexus, consult\u00e1 este apartado de nuestro web: <span style=\"text-decoration: underline;\"><a href=\"https:\/\/www.viesverdes.cat\/es\/pirinexus\/\"><strong>Ruta Pirinexus<\/strong><\/a><\/span><\/p>\t\t\t\t\t\t<\/div>\n\t\t\t\t<\/div>\n\t\t\t\t\t<\/div>\n\t\t<\/div>\n\t\t\t\t\t\t\t<\/div>\n\t\t<\/section>\n\t\t\t\t<section class=\"elementor-section elementor-top-section elementor-element elementor-element-1cf18bfe elementor-section-boxed elementor-section-height-default elementor-section-height-default\" data-id=\"1cf18bfe\" data-element_type=\"section\">\n\t\t\t\t\t\t<div class=\"elementor-container elementor-column-gap-default\">\n\t\t\t\t\t<div class=\"elementor-column elementor-col-100 elementor-top-column elementor-element elementor-element-37c6d980\" data-id=\"37c6d980\" data-element_type=\"column\">\n\t\t\t<div class=\"elementor-widget-wrap elementor-element-populated\">\n\t\t\t\t\t\t\t\t<div class=\"elementor-element elementor-element-538195f7 elementor-widget elementor-widget-spacer\" data-id=\"538195f7\" data-element_type=\"widget\" data-widget_type=\"spacer.default\">\n\t\t\t\t<div class=\"elementor-widget-container\">\n\t\t\t\t\t<div class=\"elementor-spacer\">\n\t\t\t<div class=\"elementor-spacer-inner\"><\/div>\n\t\t<\/div>\n\t\t\t\t<\/div>\n\t\t\t\t<\/div>\n\t\t\t\t\t<\/div>\n\t\t<\/div>\n\t\t\t\t\t\t\t<\/div>\n\t\t<\/section>\n\t\t\t\t<section class=\"elementor-section elementor-top-section elementor-element elementor-element-45851282 elementor-section-boxed elementor-section-height-default elementor-section-height-default\" data-id=\"45851282\" data-element_type=\"section\">\n\t\t\t\t\t\t<div class=\"elementor-container elementor-column-gap-default\">\n\t\t\t\t\t<div class=\"elementor-column elementor-col-100 elementor-top-column elementor-element elementor-element-3f73e7cd\" data-id=\"3f73e7cd\" data-element_type=\"column\">\n\t\t\t<div class=\"elementor-widget-wrap elementor-element-populated\">\n\t\t\t\t\t\t\t\t<div class=\"elementor-element elementor-element-16b6e468 elementor-widget elementor-widget-html\" data-id=\"16b6e468\" data-element_type=\"widget\" data-widget_type=\"html.default\">\n\t\t\t\t<div class=\"elementor-widget-container\">\n\t\t\t<div class=\"a2a_kit a2a_kit_size_32 a2a_default_style\" style=\"display: flex; justify-content: center;\">\r\n<a class=\"a2a_button_whatsapp\" style=\"color: #B4BA06;\"><\/a>\r\n<a class=\"a2a_button_x\" style=\"color: #B4BA06;\"><\/a>\r\n<a class=\"a2a_button_facebook\" style=\"color: #B4BA06;\"><\/a>\r\n<a class=\"a2a_button_email\" style=\"color: #B4BA06;\"><\/a>\r\n<a class=\"a2a_button_copy_link\" style=\"color: #B4BA06;\"><\/a>\r\n<\/div>\r\n<script>\r\nvar a2a_config = a2a_config || {};\r\na2a_config.locale = \"ca-ES\";\r\na2a_config.num_services = 6;\r\n<\/script>\r\n<script async src=\"https:\/\/static.addtoany.com\/menu\/page.js\"><\/script>\t\t<\/div>\n\t\t\t\t<\/div>\n\t\t\t\t\t<\/div>\n\t\t<\/div>\n\t\t\t\t\t\t\t<\/div>\n\t\t<\/section>\n\t\t\t\t\t\t\t<\/div>\n\t\t","protected":false},"featured_media":0,"menu_order":0,"template":"elementor_theme","format":"standard","acf":[],"yoast_head":"<!-- This site is optimized with the Yoast SEO plugin v22.2 - https:\/\/yoast.com\/wordpress\/plugins\/seo\/ -->\n<title>Diario de viaje: Pirinexus (1\/2) - Ecovies de Girona<\/title>\n<meta name=\"description\" content=\"Descubre la aventura de recorrer la Pirinexus en bicicleta! Un viaje de 6 d\u00edas desde Girona hasta los Pirineos y de vuelta al Mediterr\u00e1neo. Paisajes espectaculares, pueblos con encanto y reflexiones personales en cada etapa. \u00a1Lee la primera parte de este diario de cicloturismo!\" \/>\n<meta name=\"robots\" content=\"index, follow, max-snippet:-1, max-image-preview:large, max-video-preview:-1\" \/>\n<link rel=\"canonical\" href=\"https:\/\/www.viesverdes.cat\/es\/blog\/diario-de-viaje-pirinexus-parte-1\/\" \/>\n<meta property=\"og:locale\" content=\"es_ES\" \/>\n<meta property=\"og:type\" content=\"article\" \/>\n<meta property=\"og:title\" content=\"Diario de viaje: Pirinexus (1\/2) - Ecovies de Girona\" \/>\n<meta property=\"og:description\" content=\"Descubre la aventura de recorrer la Pirinexus en bicicleta! Un viaje de 6 d\u00edas desde Girona hasta los Pirineos y de vuelta al Mediterr\u00e1neo. Paisajes espectaculares, pueblos con encanto y reflexiones personales en cada etapa. \u00a1Lee la primera parte de este diario de cicloturismo!\" \/>\n<meta property=\"og:url\" content=\"https:\/\/www.viesverdes.cat\/es\/blog\/diario-de-viaje-pirinexus-parte-1\/\" \/>\n<meta property=\"og:site_name\" content=\"Ecovies de Girona\" \/>\n<meta property=\"article:publisher\" content=\"https:\/\/www.facebook.com\/viesverdesgirona\" \/>\n<meta property=\"article:modified_time\" content=\"2025-03-11T13:53:11+00:00\" \/>\n<meta property=\"og:image\" content=\"http:\/\/www.viesverdes.cat\/wp-content\/uploads\/2025\/03\/Portada-diari-Pirinexus-part-1.jpg\" \/>\n<meta name=\"twitter:card\" content=\"summary_large_image\" \/>\n<meta name=\"twitter:site\" content=\"@viesverdesgi\" \/>\n<meta name=\"twitter:label1\" content=\"Tiempo de lectura\" \/>\n\t<meta name=\"twitter:data1\" content=\"11 minutos\" \/>\n<script type=\"application\/ld+json\" class=\"yoast-schema-graph\">{\"@context\":\"https:\/\/schema.org\",\"@graph\":[{\"@type\":\"WebPage\",\"@id\":\"https:\/\/www.viesverdes.cat\/es\/blog\/diario-de-viaje-pirinexus-parte-1\/\",\"url\":\"https:\/\/www.viesverdes.cat\/es\/blog\/diario-de-viaje-pirinexus-parte-1\/\",\"name\":\"Diario de viaje: Pirinexus (1\/2) - Ecovies de Girona\",\"isPartOf\":{\"@id\":\"https:\/\/www.viesverdes.cat\/#website\"},\"primaryImageOfPage\":{\"@id\":\"https:\/\/www.viesverdes.cat\/es\/blog\/diario-de-viaje-pirinexus-parte-1\/#primaryimage\"},\"image\":{\"@id\":\"https:\/\/www.viesverdes.cat\/es\/blog\/diario-de-viaje-pirinexus-parte-1\/#primaryimage\"},\"thumbnailUrl\":\"http:\/\/www.viesverdes.cat\/wp-content\/uploads\/2025\/03\/Portada-diari-Pirinexus-part-1.jpg\",\"datePublished\":\"2025-03-07T11:18:30+00:00\",\"dateModified\":\"2025-03-11T13:53:11+00:00\",\"description\":\"Descubre la aventura de recorrer la Pirinexus en bicicleta! Un viaje de 6 d\u00edas desde Girona hasta los Pirineos y de vuelta al Mediterr\u00e1neo. Paisajes espectaculares, pueblos con encanto y reflexiones personales en cada etapa. \u00a1Lee la primera parte de este diario de cicloturismo!\",\"breadcrumb\":{\"@id\":\"https:\/\/www.viesverdes.cat\/es\/blog\/diario-de-viaje-pirinexus-parte-1\/#breadcrumb\"},\"inLanguage\":\"es\",\"potentialAction\":[{\"@type\":\"ReadAction\",\"target\":[\"https:\/\/www.viesverdes.cat\/es\/blog\/diario-de-viaje-pirinexus-parte-1\/\"]}]},{\"@type\":\"ImageObject\",\"inLanguage\":\"es\",\"@id\":\"https:\/\/www.viesverdes.cat\/es\/blog\/diario-de-viaje-pirinexus-parte-1\/#primaryimage\",\"url\":\"http:\/\/www.viesverdes.cat\/wp-content\/uploads\/2025\/03\/Portada-diari-Pirinexus-part-1.jpg\",\"contentUrl\":\"http:\/\/www.viesverdes.cat\/wp-content\/uploads\/2025\/03\/Portada-diari-Pirinexus-part-1.jpg\"},{\"@type\":\"BreadcrumbList\",\"@id\":\"https:\/\/www.viesverdes.cat\/es\/blog\/diario-de-viaje-pirinexus-parte-1\/#breadcrumb\",\"itemListElement\":[{\"@type\":\"ListItem\",\"position\":1,\"name\":\"Inici\",\"item\":\"https:\/\/www.viesverdes.cat\/\"},{\"@type\":\"ListItem\",\"position\":2,\"name\":\"Diario de viaje: Pirinexus (1\/2)\"}]},{\"@type\":\"WebSite\",\"@id\":\"https:\/\/www.viesverdes.cat\/#website\",\"url\":\"https:\/\/www.viesverdes.cat\/\",\"name\":\"Vies Verdes i Pirinexus\",\"description\":\"\",\"publisher\":{\"@id\":\"https:\/\/www.viesverdes.cat\/#organization\"},\"potentialAction\":[{\"@type\":\"SearchAction\",\"target\":{\"@type\":\"EntryPoint\",\"urlTemplate\":\"https:\/\/www.viesverdes.cat\/?s={search_term_string}\"},\"query-input\":\"required name=search_term_string\"}],\"inLanguage\":\"es\"},{\"@type\":\"Organization\",\"@id\":\"https:\/\/www.viesverdes.cat\/#organization\",\"name\":\"Consorci de les Vies Verdes de Girona\",\"url\":\"https:\/\/www.viesverdes.cat\/\",\"logo\":{\"@type\":\"ImageObject\",\"inLanguage\":\"es\",\"@id\":\"https:\/\/www.viesverdes.cat\/#\/schema\/logo\/image\/\",\"url\":\"https:\/\/www.viesverdes.cat\/wp-content\/uploads\/2023\/04\/Logo-Consorci-Vies-Verdes-color-1-e1682501524240.png\",\"contentUrl\":\"https:\/\/www.viesverdes.cat\/wp-content\/uploads\/2023\/04\/Logo-Consorci-Vies-Verdes-color-1-e1682501524240.png\",\"width\":350,\"height\":41,\"caption\":\"Consorci de les Vies Verdes de Girona\"},\"image\":{\"@id\":\"https:\/\/www.viesverdes.cat\/#\/schema\/logo\/image\/\"},\"sameAs\":[\"https:\/\/www.facebook.com\/viesverdesgirona\",\"https:\/\/twitter.com\/viesverdesgi\",\"https:\/\/www.youtube.com\/viesverdesgi\",\"https:\/\/www.instagram.com\/viesverdesgi\/\"]}]}<\/script>\n<!-- \/ Yoast SEO plugin. -->","yoast_head_json":{"title":"Diario de viaje: Pirinexus (1\/2) - Ecovies de Girona","description":"Descubre la aventura de recorrer la Pirinexus en bicicleta! Un viaje de 6 d\u00edas desde Girona hasta los Pirineos y de vuelta al Mediterr\u00e1neo. Paisajes espectaculares, pueblos con encanto y reflexiones personales en cada etapa. \u00a1Lee la primera parte de este diario de cicloturismo!","robots":{"index":"index","follow":"follow","max-snippet":"max-snippet:-1","max-image-preview":"max-image-preview:large","max-video-preview":"max-video-preview:-1"},"canonical":"https:\/\/www.viesverdes.cat\/es\/blog\/diario-de-viaje-pirinexus-parte-1\/","og_locale":"es_ES","og_type":"article","og_title":"Diario de viaje: Pirinexus (1\/2) - Ecovies de Girona","og_description":"Descubre la aventura de recorrer la Pirinexus en bicicleta! Un viaje de 6 d\u00edas desde Girona hasta los Pirineos y de vuelta al Mediterr\u00e1neo. Paisajes espectaculares, pueblos con encanto y reflexiones personales en cada etapa. \u00a1Lee la primera parte de este diario de cicloturismo!","og_url":"https:\/\/www.viesverdes.cat\/es\/blog\/diario-de-viaje-pirinexus-parte-1\/","og_site_name":"Ecovies de Girona","article_publisher":"https:\/\/www.facebook.com\/viesverdesgirona","article_modified_time":"2025-03-11T13:53:11+00:00","og_image":[{"url":"http:\/\/www.viesverdes.cat\/wp-content\/uploads\/2025\/03\/Portada-diari-Pirinexus-part-1.jpg"}],"twitter_card":"summary_large_image","twitter_site":"@viesverdesgi","twitter_misc":{"Tiempo de lectura":"11 minutos"},"schema":{"@context":"https:\/\/schema.org","@graph":[{"@type":"WebPage","@id":"https:\/\/www.viesverdes.cat\/es\/blog\/diario-de-viaje-pirinexus-parte-1\/","url":"https:\/\/www.viesverdes.cat\/es\/blog\/diario-de-viaje-pirinexus-parte-1\/","name":"Diario de viaje: Pirinexus (1\/2) - Ecovies de Girona","isPartOf":{"@id":"https:\/\/www.viesverdes.cat\/#website"},"primaryImageOfPage":{"@id":"https:\/\/www.viesverdes.cat\/es\/blog\/diario-de-viaje-pirinexus-parte-1\/#primaryimage"},"image":{"@id":"https:\/\/www.viesverdes.cat\/es\/blog\/diario-de-viaje-pirinexus-parte-1\/#primaryimage"},"thumbnailUrl":"http:\/\/www.viesverdes.cat\/wp-content\/uploads\/2025\/03\/Portada-diari-Pirinexus-part-1.jpg","datePublished":"2025-03-07T11:18:30+00:00","dateModified":"2025-03-11T13:53:11+00:00","description":"Descubre la aventura de recorrer la Pirinexus en bicicleta! Un viaje de 6 d\u00edas desde Girona hasta los Pirineos y de vuelta al Mediterr\u00e1neo. Paisajes espectaculares, pueblos con encanto y reflexiones personales en cada etapa. \u00a1Lee la primera parte de este diario de cicloturismo!","breadcrumb":{"@id":"https:\/\/www.viesverdes.cat\/es\/blog\/diario-de-viaje-pirinexus-parte-1\/#breadcrumb"},"inLanguage":"es","potentialAction":[{"@type":"ReadAction","target":["https:\/\/www.viesverdes.cat\/es\/blog\/diario-de-viaje-pirinexus-parte-1\/"]}]},{"@type":"ImageObject","inLanguage":"es","@id":"https:\/\/www.viesverdes.cat\/es\/blog\/diario-de-viaje-pirinexus-parte-1\/#primaryimage","url":"http:\/\/www.viesverdes.cat\/wp-content\/uploads\/2025\/03\/Portada-diari-Pirinexus-part-1.jpg","contentUrl":"http:\/\/www.viesverdes.cat\/wp-content\/uploads\/2025\/03\/Portada-diari-Pirinexus-part-1.jpg"},{"@type":"BreadcrumbList","@id":"https:\/\/www.viesverdes.cat\/es\/blog\/diario-de-viaje-pirinexus-parte-1\/#breadcrumb","itemListElement":[{"@type":"ListItem","position":1,"name":"Inici","item":"https:\/\/www.viesverdes.cat\/"},{"@type":"ListItem","position":2,"name":"Diario de viaje: Pirinexus (1\/2)"}]},{"@type":"WebSite","@id":"https:\/\/www.viesverdes.cat\/#website","url":"https:\/\/www.viesverdes.cat\/","name":"Vies Verdes i Pirinexus","description":"","publisher":{"@id":"https:\/\/www.viesverdes.cat\/#organization"},"potentialAction":[{"@type":"SearchAction","target":{"@type":"EntryPoint","urlTemplate":"https:\/\/www.viesverdes.cat\/?s={search_term_string}"},"query-input":"required name=search_term_string"}],"inLanguage":"es"},{"@type":"Organization","@id":"https:\/\/www.viesverdes.cat\/#organization","name":"Consorci de les Vies Verdes de Girona","url":"https:\/\/www.viesverdes.cat\/","logo":{"@type":"ImageObject","inLanguage":"es","@id":"https:\/\/www.viesverdes.cat\/#\/schema\/logo\/image\/","url":"https:\/\/www.viesverdes.cat\/wp-content\/uploads\/2023\/04\/Logo-Consorci-Vies-Verdes-color-1-e1682501524240.png","contentUrl":"https:\/\/www.viesverdes.cat\/wp-content\/uploads\/2023\/04\/Logo-Consorci-Vies-Verdes-color-1-e1682501524240.png","width":350,"height":41,"caption":"Consorci de les Vies Verdes de Girona"},"image":{"@id":"https:\/\/www.viesverdes.cat\/#\/schema\/logo\/image\/"},"sameAs":["https:\/\/www.facebook.com\/viesverdesgirona","https:\/\/twitter.com\/viesverdesgi","https:\/\/www.youtube.com\/viesverdesgi","https:\/\/www.instagram.com\/viesverdesgi\/"]}]}},"_links":{"self":[{"href":"https:\/\/www.viesverdes.cat\/es\/wp-json\/wp\/v2\/actualitat_nou\/27415"}],"collection":[{"href":"https:\/\/www.viesverdes.cat\/es\/wp-json\/wp\/v2\/actualitat_nou"}],"about":[{"href":"https:\/\/www.viesverdes.cat\/es\/wp-json\/wp\/v2\/types\/actualitat_nou"}],"version-history":[{"count":15,"href":"https:\/\/www.viesverdes.cat\/es\/wp-json\/wp\/v2\/actualitat_nou\/27415\/revisions"}],"predecessor-version":[{"id":27447,"href":"https:\/\/www.viesverdes.cat\/es\/wp-json\/wp\/v2\/actualitat_nou\/27415\/revisions\/27447"}],"wp:attachment":[{"href":"https:\/\/www.viesverdes.cat\/es\/wp-json\/wp\/v2\/media?parent=27415"}],"curies":[{"name":"wp","href":"https:\/\/api.w.org\/{rel}","templated":true}]}}