{"id":27715,"date":"2025-04-11T09:07:42","date_gmt":"2025-04-11T07:07:42","guid":{"rendered":"https:\/\/www.viesverdes.cat\/?post_type=actualitat_nou&#038;p=27715"},"modified":"2025-04-11T09:07:51","modified_gmt":"2025-04-11T07:07:51","slug":"diario-de-viaje-pirinexus-parte-2","status":"publish","type":"actualitat_nou","link":"https:\/\/www.viesverdes.cat\/es\/blog\/diario-de-viaje-pirinexus-parte-2\/","title":{"rendered":"Diario de viaje: Pirinexus (2\/2)"},"content":{"rendered":"\t\t<div data-elementor-type=\"wp-post\" data-elementor-id=\"27715\" class=\"elementor elementor-27715 elementor-27662\">\n\t\t\t\t\t\t\t\t\t<section class=\"elementor-section elementor-top-section elementor-element elementor-element-152bff1d elementor-section-full_width elementor-section-height-default elementor-section-height-default\" data-id=\"152bff1d\" data-element_type=\"section\">\n\t\t\t\t\t\t<div class=\"elementor-container elementor-column-gap-default\">\n\t\t\t\t\t<div class=\"elementor-column elementor-col-100 elementor-top-column elementor-element elementor-element-31757357\" data-id=\"31757357\" data-element_type=\"column\">\n\t\t\t<div class=\"elementor-widget-wrap elementor-element-populated\">\n\t\t\t\t\t\t\t\t<div class=\"elementor-element elementor-element-146565fe elementor-hidden-mobile elementor-widget elementor-widget-image\" data-id=\"146565fe\" data-element_type=\"widget\" data-widget_type=\"image.default\">\n\t\t\t\t<div class=\"elementor-widget-container\">\n\t\t\t<style>\/*! elementor - v3.15.0 - 31-07-2023 *\/\n.elementor-widget-image{text-align:center}.elementor-widget-image a{display:inline-block}.elementor-widget-image a img[src$=\".svg\"]{width:48px}.elementor-widget-image img{vertical-align:middle;display:inline-block}<\/style>\t\t\t\t\t\t\t\t\t\t\t\t<img loading=\"lazy\" decoding=\"async\" width=\"1500\" height=\"520\" src=\"https:\/\/www.viesverdes.cat\/wp-content\/uploads\/2025\/04\/Portada-diari-Pirinexus-part-2.jpg\" class=\"attachment-full size-full wp-image-27669\" alt=\"Portada diari Pirinexus part 2\" srcset=\"https:\/\/www.viesverdes.cat\/wp-content\/uploads\/2025\/04\/Portada-diari-Pirinexus-part-2.jpg 1500w, https:\/\/www.viesverdes.cat\/wp-content\/uploads\/2025\/04\/Portada-diari-Pirinexus-part-2-300x104.jpg 300w, https:\/\/www.viesverdes.cat\/wp-content\/uploads\/2025\/04\/Portada-diari-Pirinexus-part-2-768x266.jpg 768w, https:\/\/www.viesverdes.cat\/wp-content\/uploads\/2025\/04\/Portada-diari-Pirinexus-part-2-1024x355.jpg 1024w\" sizes=\"(max-width: 1500px) 100vw, 1500px\" \/>\t\t\t\t\t\t\t\t\t\t\t\t\t\t\t<\/div>\n\t\t\t\t<\/div>\n\t\t\t\t\t<\/div>\n\t\t<\/div>\n\t\t\t\t\t\t\t<\/div>\n\t\t<\/section>\n\t\t\t\t<section class=\"elementor-section elementor-top-section elementor-element elementor-element-178dfed4 elementor-section-boxed elementor-section-height-default elementor-section-height-default\" data-id=\"178dfed4\" data-element_type=\"section\">\n\t\t\t\t\t\t<div class=\"elementor-container elementor-column-gap-default\">\n\t\t\t\t\t<div class=\"elementor-column elementor-col-100 elementor-top-column elementor-element elementor-element-1e67aeee\" data-id=\"1e67aeee\" data-element_type=\"column\">\n\t\t\t<div class=\"elementor-widget-wrap elementor-element-populated\">\n\t\t\t\t\t\t\t\t<div class=\"elementor-element elementor-element-75a7c2ea elementor-hidden-desktop elementor-hidden-tablet elementor-widget elementor-widget-image\" data-id=\"75a7c2ea\" data-element_type=\"widget\" data-widget_type=\"image.default\">\n\t\t\t\t<div class=\"elementor-widget-container\">\n\t\t\t\t\t\t\t\t\t\t\t\t\t\t\t<img loading=\"lazy\" decoding=\"async\" width=\"1500\" height=\"1125\" src=\"https:\/\/www.viesverdes.cat\/wp-content\/uploads\/2025\/04\/Portada-diari-Pirinexus-part-2-mobil.jpg\" class=\"attachment-full size-full wp-image-27679\" alt=\"Portada diari Pirinexus part 2 m\u00f2bil\" srcset=\"https:\/\/www.viesverdes.cat\/wp-content\/uploads\/2025\/04\/Portada-diari-Pirinexus-part-2-mobil.jpg 1500w, https:\/\/www.viesverdes.cat\/wp-content\/uploads\/2025\/04\/Portada-diari-Pirinexus-part-2-mobil-300x225.jpg 300w, https:\/\/www.viesverdes.cat\/wp-content\/uploads\/2025\/04\/Portada-diari-Pirinexus-part-2-mobil-768x576.jpg 768w, https:\/\/www.viesverdes.cat\/wp-content\/uploads\/2025\/04\/Portada-diari-Pirinexus-part-2-mobil-1024x768.jpg 1024w\" sizes=\"(max-width: 1500px) 100vw, 1500px\" \/>\t\t\t\t\t\t\t\t\t\t\t\t\t\t\t<\/div>\n\t\t\t\t<\/div>\n\t\t\t\t\t<\/div>\n\t\t<\/div>\n\t\t\t\t\t\t\t<\/div>\n\t\t<\/section>\n\t\t\t\t<section class=\"elementor-section elementor-top-section elementor-element elementor-element-49142292 elementor-hidden-mobile elementor-section-boxed elementor-section-height-default elementor-section-height-default\" data-id=\"49142292\" data-element_type=\"section\">\n\t\t\t\t\t\t<div class=\"elementor-container elementor-column-gap-default\">\n\t\t\t\t\t<div class=\"elementor-column elementor-col-50 elementor-top-column elementor-element elementor-element-59e310f0\" data-id=\"59e310f0\" data-element_type=\"column\">\n\t\t\t<div class=\"elementor-widget-wrap elementor-element-populated\">\n\t\t\t\t\t\t\t\t<section class=\"elementor-section elementor-inner-section elementor-element elementor-element-4a58dd9d elementor-section-boxed elementor-section-height-default elementor-section-height-default\" data-id=\"4a58dd9d\" data-element_type=\"section\">\n\t\t\t\t\t\t<div class=\"elementor-container elementor-column-gap-default\">\n\t\t\t\t\t<div class=\"elementor-column elementor-col-50 elementor-inner-column elementor-element elementor-element-698ead9c\" data-id=\"698ead9c\" data-element_type=\"column\">\n\t\t\t<div class=\"elementor-widget-wrap elementor-element-populated\">\n\t\t\t\t\t\t\t\t<div class=\"elementor-element elementor-element-5d87a348 elementor-widget elementor-widget-image\" data-id=\"5d87a348\" data-element_type=\"widget\" data-widget_type=\"image.default\">\n\t\t\t\t<div class=\"elementor-widget-container\">\n\t\t\t\t\t\t\t\t\t\t\t\t\t\t\t<img loading=\"lazy\" decoding=\"async\" width=\"87\" height=\"87\" src=\"https:\/\/www.viesverdes.cat\/wp-content\/uploads\/2024\/11\/Iria-Prendes-Foto-Perfil-87x87.jpg\" class=\"attachment-mini size-mini wp-image-26462\" alt=\"Iria Prendes\" srcset=\"https:\/\/www.viesverdes.cat\/wp-content\/uploads\/2024\/11\/Iria-Prendes-Foto-Perfil-87x87.jpg 87w, https:\/\/www.viesverdes.cat\/wp-content\/uploads\/2024\/11\/Iria-Prendes-Foto-Perfil-150x150.jpg 150w, https:\/\/www.viesverdes.cat\/wp-content\/uploads\/2024\/11\/Iria-Prendes-Foto-Perfil-300x300.jpg 300w, https:\/\/www.viesverdes.cat\/wp-content\/uploads\/2024\/11\/Iria-Prendes-Foto-Perfil.jpg 640w\" sizes=\"(max-width: 87px) 100vw, 87px\" \/>\t\t\t\t\t\t\t\t\t\t\t\t\t\t\t<\/div>\n\t\t\t\t<\/div>\n\t\t\t\t\t<\/div>\n\t\t<\/div>\n\t\t\t\t<div class=\"elementor-column elementor-col-50 elementor-inner-column elementor-element elementor-element-f2afdd5\" data-id=\"f2afdd5\" data-element_type=\"column\">\n\t\t\t<div class=\"elementor-widget-wrap elementor-element-populated\">\n\t\t\t\t\t\t\t\t<div class=\"elementor-element elementor-element-430561a5 elementor-widget__width-initial elementor-widget elementor-widget-text-editor\" data-id=\"430561a5\" data-element_type=\"widget\" data-widget_type=\"text-editor.default\">\n\t\t\t\t<div class=\"elementor-widget-container\">\n\t\t\t<style>\/*! elementor - v3.15.0 - 31-07-2023 *\/\n.elementor-widget-text-editor.elementor-drop-cap-view-stacked .elementor-drop-cap{background-color:#69727d;color:#fff}.elementor-widget-text-editor.elementor-drop-cap-view-framed .elementor-drop-cap{color:#69727d;border:3px solid;background-color:transparent}.elementor-widget-text-editor:not(.elementor-drop-cap-view-default) .elementor-drop-cap{margin-top:8px}.elementor-widget-text-editor:not(.elementor-drop-cap-view-default) .elementor-drop-cap-letter{width:1em;height:1em}.elementor-widget-text-editor .elementor-drop-cap{float:left;text-align:center;line-height:1;font-size:50px}.elementor-widget-text-editor .elementor-drop-cap-letter{display:inline-block}<\/style>\t\t\t\t<p>Autor:<b> Iria Prendes<\/b><\/p><p>11\/04\/2025<\/p>\t\t\t\t\t\t<\/div>\n\t\t\t\t<\/div>\n\t\t\t\t\t<\/div>\n\t\t<\/div>\n\t\t\t\t\t\t\t<\/div>\n\t\t<\/section>\n\t\t\t\t\t<\/div>\n\t\t<\/div>\n\t\t\t\t<div class=\"elementor-column elementor-col-50 elementor-top-column elementor-element elementor-element-785ff3ce\" data-id=\"785ff3ce\" data-element_type=\"column\">\n\t\t\t<div class=\"elementor-widget-wrap elementor-element-populated\">\n\t\t\t\t\t\t\t\t<div class=\"elementor-element elementor-element-52ff5652 elementor-shape-circle e-grid-align-right elementor-grid-0 elementor-widget elementor-widget-social-icons\" data-id=\"52ff5652\" data-element_type=\"widget\" data-widget_type=\"social-icons.default\">\n\t\t\t\t<div class=\"elementor-widget-container\">\n\t\t\t<style>\/*! elementor - v3.15.0 - 31-07-2023 *\/\n.elementor-widget-social-icons.elementor-grid-0 .elementor-widget-container,.elementor-widget-social-icons.elementor-grid-mobile-0 .elementor-widget-container,.elementor-widget-social-icons.elementor-grid-tablet-0 .elementor-widget-container{line-height:1;font-size:0}.elementor-widget-social-icons:not(.elementor-grid-0):not(.elementor-grid-tablet-0):not(.elementor-grid-mobile-0) .elementor-grid{display:inline-grid}.elementor-widget-social-icons .elementor-grid{grid-column-gap:var(--grid-column-gap,5px);grid-row-gap:var(--grid-row-gap,5px);grid-template-columns:var(--grid-template-columns);justify-content:var(--justify-content,center);justify-items:var(--justify-content,center)}.elementor-icon.elementor-social-icon{font-size:var(--icon-size,25px);line-height:var(--icon-size,25px);width:calc(var(--icon-size, 25px) + (2 * var(--icon-padding, .5em)));height:calc(var(--icon-size, 25px) + (2 * var(--icon-padding, .5em)))}.elementor-social-icon{--e-social-icon-icon-color:#fff;display:inline-flex;background-color:#69727d;align-items:center;justify-content:center;text-align:center;cursor:pointer}.elementor-social-icon i{color:var(--e-social-icon-icon-color)}.elementor-social-icon svg{fill:var(--e-social-icon-icon-color)}.elementor-social-icon:last-child{margin:0}.elementor-social-icon:hover{opacity:.9;color:#fff}.elementor-social-icon-android{background-color:#a4c639}.elementor-social-icon-apple{background-color:#999}.elementor-social-icon-behance{background-color:#1769ff}.elementor-social-icon-bitbucket{background-color:#205081}.elementor-social-icon-codepen{background-color:#000}.elementor-social-icon-delicious{background-color:#39f}.elementor-social-icon-deviantart{background-color:#05cc47}.elementor-social-icon-digg{background-color:#005be2}.elementor-social-icon-dribbble{background-color:#ea4c89}.elementor-social-icon-elementor{background-color:#d30c5c}.elementor-social-icon-envelope{background-color:#ea4335}.elementor-social-icon-facebook,.elementor-social-icon-facebook-f{background-color:#3b5998}.elementor-social-icon-flickr{background-color:#0063dc}.elementor-social-icon-foursquare{background-color:#2d5be3}.elementor-social-icon-free-code-camp,.elementor-social-icon-freecodecamp{background-color:#006400}.elementor-social-icon-github{background-color:#333}.elementor-social-icon-gitlab{background-color:#e24329}.elementor-social-icon-globe{background-color:#69727d}.elementor-social-icon-google-plus,.elementor-social-icon-google-plus-g{background-color:#dd4b39}.elementor-social-icon-houzz{background-color:#7ac142}.elementor-social-icon-instagram{background-color:#262626}.elementor-social-icon-jsfiddle{background-color:#487aa2}.elementor-social-icon-link{background-color:#818a91}.elementor-social-icon-linkedin,.elementor-social-icon-linkedin-in{background-color:#0077b5}.elementor-social-icon-medium{background-color:#00ab6b}.elementor-social-icon-meetup{background-color:#ec1c40}.elementor-social-icon-mixcloud{background-color:#273a4b}.elementor-social-icon-odnoklassniki{background-color:#f4731c}.elementor-social-icon-pinterest{background-color:#bd081c}.elementor-social-icon-product-hunt{background-color:#da552f}.elementor-social-icon-reddit{background-color:#ff4500}.elementor-social-icon-rss{background-color:#f26522}.elementor-social-icon-shopping-cart{background-color:#4caf50}.elementor-social-icon-skype{background-color:#00aff0}.elementor-social-icon-slideshare{background-color:#0077b5}.elementor-social-icon-snapchat{background-color:#fffc00}.elementor-social-icon-soundcloud{background-color:#f80}.elementor-social-icon-spotify{background-color:#2ebd59}.elementor-social-icon-stack-overflow{background-color:#fe7a15}.elementor-social-icon-steam{background-color:#00adee}.elementor-social-icon-stumbleupon{background-color:#eb4924}.elementor-social-icon-telegram{background-color:#2ca5e0}.elementor-social-icon-thumb-tack{background-color:#1aa1d8}.elementor-social-icon-tripadvisor{background-color:#589442}.elementor-social-icon-tumblr{background-color:#35465c}.elementor-social-icon-twitch{background-color:#6441a5}.elementor-social-icon-twitter{background-color:#1da1f2}.elementor-social-icon-viber{background-color:#665cac}.elementor-social-icon-vimeo{background-color:#1ab7ea}.elementor-social-icon-vk{background-color:#45668e}.elementor-social-icon-weibo{background-color:#dd2430}.elementor-social-icon-weixin{background-color:#31a918}.elementor-social-icon-whatsapp{background-color:#25d366}.elementor-social-icon-wordpress{background-color:#21759b}.elementor-social-icon-xing{background-color:#026466}.elementor-social-icon-yelp{background-color:#af0606}.elementor-social-icon-youtube{background-color:#cd201f}.elementor-social-icon-500px{background-color:#0099e5}.elementor-shape-rounded .elementor-icon.elementor-social-icon{border-radius:10%}.elementor-shape-circle .elementor-icon.elementor-social-icon{border-radius:50%}<\/style>\t\t<div class=\"elementor-social-icons-wrapper elementor-grid\">\n\t\t\t\t\t\t\t<span class=\"elementor-grid-item\">\n\t\t\t\t\t<a class=\"elementor-icon elementor-social-icon elementor-social-icon-instagram elementor-animation-grow elementor-repeater-item-98a56ae\" href=\"https:\/\/www.instagram.com\/iriaprendes\/\" target=\"_blank\">\n\t\t\t\t\t\t<span class=\"elementor-screen-only\">Instagram<\/span>\n\t\t\t\t\t\t<i class=\"fab fa-instagram\"><\/i>\t\t\t\t\t<\/a>\n\t\t\t\t<\/span>\n\t\t\t\t\t\t\t<span class=\"elementor-grid-item\">\n\t\t\t\t\t<a class=\"elementor-icon elementor-social-icon elementor-social-icon-facebook elementor-animation-grow elementor-repeater-item-9c2cbf4\" href=\"https:\/\/www.facebook.com\/iriaprendescicloviajera\" target=\"_blank\">\n\t\t\t\t\t\t<span class=\"elementor-screen-only\">Facebook<\/span>\n\t\t\t\t\t\t<i class=\"fab fa-facebook\"><\/i>\t\t\t\t\t<\/a>\n\t\t\t\t<\/span>\n\t\t\t\t\t\t\t<span class=\"elementor-grid-item\">\n\t\t\t\t\t<a class=\"elementor-icon elementor-social-icon elementor-social-icon-youtube elementor-animation-grow elementor-repeater-item-4c97667\" href=\"https:\/\/www.youtube.com\/@iriaprendes\" target=\"_blank\">\n\t\t\t\t\t\t<span class=\"elementor-screen-only\">Youtube<\/span>\n\t\t\t\t\t\t<i class=\"fab fa-youtube\"><\/i>\t\t\t\t\t<\/a>\n\t\t\t\t<\/span>\n\t\t\t\t\t<\/div>\n\t\t\t\t<\/div>\n\t\t\t\t<\/div>\n\t\t\t\t\t<\/div>\n\t\t<\/div>\n\t\t\t\t\t\t\t<\/div>\n\t\t<\/section>\n\t\t\t\t<section class=\"elementor-section elementor-top-section elementor-element elementor-element-32e4e61a elementor-section-boxed elementor-section-height-default elementor-section-height-default\" data-id=\"32e4e61a\" data-element_type=\"section\">\n\t\t\t\t\t\t<div class=\"elementor-container elementor-column-gap-default\">\n\t\t\t\t\t<div class=\"elementor-column elementor-col-100 elementor-top-column elementor-element elementor-element-7ad48631\" data-id=\"7ad48631\" data-element_type=\"column\">\n\t\t\t<div class=\"elementor-widget-wrap elementor-element-populated\">\n\t\t\t\t\t\t\t\t<div class=\"elementor-element elementor-element-71f5b403 elementor-widget elementor-widget-heading\" data-id=\"71f5b403\" data-element_type=\"widget\" data-widget_type=\"heading.default\">\n\t\t\t\t<div class=\"elementor-widget-container\">\n\t\t\t<style>\/*! elementor - v3.15.0 - 31-07-2023 *\/\n.elementor-heading-title{padding:0;margin:0;line-height:1}.elementor-widget-heading .elementor-heading-title[class*=elementor-size-]>a{color:inherit;font-size:inherit;line-height:inherit}.elementor-widget-heading .elementor-heading-title.elementor-size-small{font-size:15px}.elementor-widget-heading .elementor-heading-title.elementor-size-medium{font-size:19px}.elementor-widget-heading .elementor-heading-title.elementor-size-large{font-size:29px}.elementor-widget-heading .elementor-heading-title.elementor-size-xl{font-size:39px}.elementor-widget-heading .elementor-heading-title.elementor-size-xxl{font-size:59px}<\/style><h1 class=\"elementor-heading-title elementor-size-xl\"><b>Diario de viaje: Pirinexus (2\/2)<\/b><\/h1>\t\t<\/div>\n\t\t\t\t<\/div>\n\t\t\t\t\t<\/div>\n\t\t<\/div>\n\t\t\t\t\t\t\t<\/div>\n\t\t<\/section>\n\t\t\t\t<section class=\"elementor-section elementor-top-section elementor-element elementor-element-7ffd807d elementor-hidden-desktop elementor-hidden-tablet elementor-section-boxed elementor-section-height-default elementor-section-height-default\" data-id=\"7ffd807d\" data-element_type=\"section\">\n\t\t\t\t\t\t<div class=\"elementor-container elementor-column-gap-default\">\n\t\t\t\t\t<div class=\"elementor-column elementor-col-50 elementor-top-column elementor-element elementor-element-7c3d74c7\" data-id=\"7c3d74c7\" data-element_type=\"column\">\n\t\t\t<div class=\"elementor-widget-wrap elementor-element-populated\">\n\t\t\t\t\t\t\t\t<div class=\"elementor-element elementor-element-7fbbad29 elementor-widget elementor-widget-text-editor\" data-id=\"7fbbad29\" data-element_type=\"widget\" data-widget_type=\"text-editor.default\">\n\t\t\t\t<div class=\"elementor-widget-container\">\n\t\t\t\t\t\t\t<p style=\"text-align: left;\">Autor:<b> Iria Prendes<\/b><\/p><p style=\"text-align: left;\">27\/11\/2024<\/p>\t\t\t\t\t\t<\/div>\n\t\t\t\t<\/div>\n\t\t\t\t\t<\/div>\n\t\t<\/div>\n\t\t\t\t<div class=\"elementor-column elementor-col-50 elementor-top-column elementor-element elementor-element-5f04ea64\" data-id=\"5f04ea64\" data-element_type=\"column\">\n\t\t\t<div class=\"elementor-widget-wrap elementor-element-populated\">\n\t\t\t\t\t\t\t\t<div class=\"elementor-element elementor-element-4a1423c8 elementor-shape-circle e-grid-align-mobile-left elementor-grid-0 e-grid-align-center elementor-widget elementor-widget-social-icons\" data-id=\"4a1423c8\" data-element_type=\"widget\" data-widget_type=\"social-icons.default\">\n\t\t\t\t<div class=\"elementor-widget-container\">\n\t\t\t\t\t<div class=\"elementor-social-icons-wrapper elementor-grid\">\n\t\t\t\t\t\t\t<span class=\"elementor-grid-item\">\n\t\t\t\t\t<a class=\"elementor-icon elementor-social-icon elementor-social-icon-instagram elementor-repeater-item-e0d2285\" href=\"https:\/\/www.instagram.com\/iriaprendes\/\" target=\"_blank\">\n\t\t\t\t\t\t<span class=\"elementor-screen-only\">Instagram<\/span>\n\t\t\t\t\t\t<i class=\"fab fa-instagram\"><\/i>\t\t\t\t\t<\/a>\n\t\t\t\t<\/span>\n\t\t\t\t\t\t\t<span class=\"elementor-grid-item\">\n\t\t\t\t\t<a class=\"elementor-icon elementor-social-icon elementor-social-icon-twitter elementor-repeater-item-6f25344\" href=\"https:\/\/x.com\/i\/flow\/login?redirect_after_login=%2Firiuccia\" target=\"_blank\">\n\t\t\t\t\t\t<span class=\"elementor-screen-only\">Twitter<\/span>\n\t\t\t\t\t\t<i class=\"fab fa-twitter\"><\/i>\t\t\t\t\t<\/a>\n\t\t\t\t<\/span>\n\t\t\t\t\t\t\t<span class=\"elementor-grid-item\">\n\t\t\t\t\t<a class=\"elementor-icon elementor-social-icon elementor-social-icon-facebook elementor-repeater-item-997ecd1\" href=\"https:\/\/www.facebook.com\/iriaprendescicloviajera\" target=\"_blank\">\n\t\t\t\t\t\t<span class=\"elementor-screen-only\">Facebook<\/span>\n\t\t\t\t\t\t<i class=\"fab fa-facebook\"><\/i>\t\t\t\t\t<\/a>\n\t\t\t\t<\/span>\n\t\t\t\t\t\t\t<span class=\"elementor-grid-item\">\n\t\t\t\t\t<a class=\"elementor-icon elementor-social-icon elementor-social-icon-youtube elementor-repeater-item-6af3074\" href=\"https:\/\/www.youtube.com\/@iriaprendes\" target=\"_blank\">\n\t\t\t\t\t\t<span class=\"elementor-screen-only\">Youtube<\/span>\n\t\t\t\t\t\t<i class=\"fab fa-youtube\"><\/i>\t\t\t\t\t<\/a>\n\t\t\t\t<\/span>\n\t\t\t\t\t<\/div>\n\t\t\t\t<\/div>\n\t\t\t\t<\/div>\n\t\t\t\t\t<\/div>\n\t\t<\/div>\n\t\t\t\t\t\t\t<\/div>\n\t\t<\/section>\n\t\t\t\t<section class=\"elementor-section elementor-top-section elementor-element elementor-element-1e4e4444 elementor-section-boxed elementor-section-height-default elementor-section-height-default\" data-id=\"1e4e4444\" data-element_type=\"section\">\n\t\t\t\t\t\t<div class=\"elementor-container elementor-column-gap-default\">\n\t\t\t\t\t<div class=\"elementor-column elementor-col-100 elementor-top-column elementor-element elementor-element-69340daf\" data-id=\"69340daf\" data-element_type=\"column\">\n\t\t\t<div class=\"elementor-widget-wrap elementor-element-populated\">\n\t\t\t\t\t\t\t\t<div class=\"elementor-element elementor-element-722a0e3b elementor-widget elementor-widget-spacer\" data-id=\"722a0e3b\" data-element_type=\"widget\" data-widget_type=\"spacer.default\">\n\t\t\t\t<div class=\"elementor-widget-container\">\n\t\t\t<style>\/*! elementor - v3.15.0 - 31-07-2023 *\/\n.elementor-column .elementor-spacer-inner{height:var(--spacer-size)}.e-con{--container-widget-width:100%}.e-con-inner>.elementor-widget-spacer,.e-con>.elementor-widget-spacer{width:var(--container-widget-width,var(--spacer-size));--align-self:var(--container-widget-align-self,initial);--flex-shrink:0}.e-con-inner>.elementor-widget-spacer>.elementor-widget-container,.e-con-inner>.elementor-widget-spacer>.elementor-widget-container>.elementor-spacer,.e-con>.elementor-widget-spacer>.elementor-widget-container,.e-con>.elementor-widget-spacer>.elementor-widget-container>.elementor-spacer{height:100%}.e-con-inner>.elementor-widget-spacer>.elementor-widget-container>.elementor-spacer>.elementor-spacer-inner,.e-con>.elementor-widget-spacer>.elementor-widget-container>.elementor-spacer>.elementor-spacer-inner{height:var(--container-widget-height,var(--spacer-size))}<\/style>\t\t<div class=\"elementor-spacer\">\n\t\t\t<div class=\"elementor-spacer-inner\"><\/div>\n\t\t<\/div>\n\t\t\t\t<\/div>\n\t\t\t\t<\/div>\n\t\t\t\t\t<\/div>\n\t\t<\/div>\n\t\t\t\t\t\t\t<\/div>\n\t\t<\/section>\n\t\t\t\t<section class=\"elementor-section elementor-top-section elementor-element elementor-element-678becdf elementor-section-boxed elementor-section-height-default elementor-section-height-default\" data-id=\"678becdf\" data-element_type=\"section\">\n\t\t\t\t\t\t<div class=\"elementor-container elementor-column-gap-default\">\n\t\t\t\t\t<div class=\"elementor-column elementor-col-100 elementor-top-column elementor-element elementor-element-256b6f8b\" data-id=\"256b6f8b\" data-element_type=\"column\">\n\t\t\t<div class=\"elementor-widget-wrap elementor-element-populated\">\n\t\t\t\t\t\t\t\t<div class=\"elementor-element elementor-element-6ada9363 elementor-widget__width-initial elementor-widget elementor-widget-text-editor\" data-id=\"6ada9363\" data-element_type=\"widget\" data-widget_type=\"text-editor.default\">\n\t\t\t\t<div class=\"elementor-widget-container\">\n\t\t\t\t\t\t\t<p>Esta es <strong>la segunda parte de diario de viaje.<\/strong> Mucho m\u00e1s que un simple diario de viaje: <strong>es una colecci\u00f3n de momentos y reflexiones, de encuentros y descubrimientos, de conexiones profundas con la naturaleza y con la historia.<\/strong> Bienvenida a <span style=\"text-decoration: underline;\"><a href=\"https:\/\/www.viesverdes.cat\/es\/pirinexus\/\"><strong>Pirinexus<\/strong><\/a><\/span>, la ruta que te lleva del Pirineo a la Costa Brava. Puedes leer la primera parte desde este <span style=\"text-decoration: underline;\"><strong><a href=\"https:\/\/www.viesverdes.cat\/es\/blog\/diario-de-viaje-pirinexus-parte-1\/\">enlace<\/a><\/strong><\/span>.<\/p>\t\t\t\t\t\t<\/div>\n\t\t\t\t<\/div>\n\t\t\t\t\t<\/div>\n\t\t<\/div>\n\t\t\t\t\t\t\t<\/div>\n\t\t<\/section>\n\t\t\t\t<section class=\"elementor-section elementor-top-section elementor-element elementor-element-70015b6 elementor-section-boxed elementor-section-height-default elementor-section-height-default\" data-id=\"70015b6\" data-element_type=\"section\">\n\t\t\t\t\t\t<div class=\"elementor-container elementor-column-gap-default\">\n\t\t\t\t\t<div class=\"elementor-column elementor-col-100 elementor-top-column elementor-element elementor-element-63f578f4\" data-id=\"63f578f4\" data-element_type=\"column\">\n\t\t\t<div class=\"elementor-widget-wrap elementor-element-populated\">\n\t\t\t\t\t\t\t\t<div class=\"elementor-element elementor-element-5bdde064 elementor-widget__width-initial elementor-widget elementor-widget-text-editor\" data-id=\"5bdde064\" data-element_type=\"widget\" data-widget_type=\"text-editor.default\">\n\t\t\t\t<div class=\"elementor-widget-container\">\n\t\t\t\t\t\t\t<h4><strong><span style=\"color: #000000;\">Cuarta etapa. De Ceret a Peralada<\/span><\/strong><\/h4>\t\t\t\t\t\t<\/div>\n\t\t\t\t<\/div>\n\t\t\t\t\t<\/div>\n\t\t<\/div>\n\t\t\t\t\t\t\t<\/div>\n\t\t<\/section>\n\t\t\t\t<section class=\"elementor-section elementor-top-section elementor-element elementor-element-3018f903 elementor-section-boxed elementor-section-height-default elementor-section-height-default\" data-id=\"3018f903\" data-element_type=\"section\">\n\t\t\t\t\t\t<div class=\"elementor-container elementor-column-gap-default\">\n\t\t\t\t\t<div class=\"elementor-column elementor-col-100 elementor-top-column elementor-element elementor-element-73b9b4d5\" data-id=\"73b9b4d5\" data-element_type=\"column\">\n\t\t\t<div class=\"elementor-widget-wrap elementor-element-populated\">\n\t\t\t\t\t\t\t\t<div class=\"elementor-element elementor-element-1bfb5298 elementor-widget__width-initial elementor-widget elementor-widget-text-editor\" data-id=\"1bfb5298\" data-element_type=\"widget\" data-widget_type=\"text-editor.default\">\n\t\t\t\t<div class=\"elementor-widget-container\">\n\t\t\t\t\t\t\t<p><strong>La calma de los pueblos franceses por la ma\u00f1ana y su desayuno dulce.<\/strong> Volv\u00ed a cambiar el saludo. <strong>Ahora toca Bonjour.<\/strong> Esta es un parte genial del viaje, <strong>poder cambiar hasta en tres ocasiones de idioma,<\/strong> te hace sentir que estas viajando realmente lejos de casa.<\/p><p>Hoy los primeros kil\u00f3metros ayudaron al calentamiento antes de enfrentarme <strong>al Coll de Panissars.<\/strong> Este paso tiene una particularidad que merece menci\u00f3n: <strong>en \u00e9pocas de alto riesgo de incendios forestales, puede estar cerrado,<\/strong> pero existe una alternativa se\u00f1alizada desde el lado franc\u00e9s que permite continuar sin problemas. Despu\u00e9s de este cruce, comienza el descenso hacia <strong>La Jonquera.<\/strong><\/p><p><strong>El tramo que va desde Panissars hasta La Jonquera es uno de los m\u00e1s t\u00e9cnicos de todo el recorrido.<\/strong> El descenso se realiza por una pista forestal arenosa con un alto desnivel, y <strong>hay que manejar la bici con mucha precauci\u00f3n<\/strong> en estos 6 kil\u00f3metros, ya que <strong>el terreno exige atenci\u00f3n y control.<\/strong> Esta dificultad <strong>a\u00f1adi\u00f3 algo de emoci\u00f3n al d\u00eda<\/strong> y me mantuvo concentrada en cada curva. \u00a1Me pareci\u00f3 muy divertido!<\/p><p>Tras una breve pausa en <strong>La Jonquera<\/strong> para un pincho y un caf\u00e9, continu\u00e9 casi sin detenerme hacia los paisajes del Empord\u00e0. Por la tarde, <strong>mientras avanzaba entre vi\u00f1edos y plantaciones, iba planeando las pr\u00f3ximas etapas,<\/strong> saboreando cada kil\u00f3metro recorrido y <strong>la belleza de trasladarse con el propio esfuerzo.<\/strong><\/p><p>Mi camino me llev\u00f3 luego por los pueblos de <strong>Capmany y Peralada, famosos por su tradici\u00f3n vin\u00edcola.<\/strong> Aunque, al ser temporada baja y un d\u00eda entre semana, no encontr\u00e9 bodegas abiertas,<strong> recomiendo visitar alguna para conocer sus vinos con Denominaci\u00f3n de Origen,<\/strong> una experiencia imperdible en esta zona.<\/p><p>Antes de terminar la jornada en <strong>Peralada, aprovech\u00e9 un poste de autorreparaci\u00f3n para apretar algunos tornillos,<\/strong> tras el traqueteo de la pista forestal de la ma\u00f1ana.<\/p>\t\t\t\t\t\t<\/div>\n\t\t\t\t<\/div>\n\t\t\t\t\t<\/div>\n\t\t<\/div>\n\t\t\t\t\t\t\t<\/div>\n\t\t<\/section>\n\t\t\t\t<section class=\"elementor-section elementor-top-section elementor-element elementor-element-2fe03351 elementor-section-boxed elementor-section-height-default elementor-section-height-default\" data-id=\"2fe03351\" data-element_type=\"section\">\n\t\t\t\t\t\t<div class=\"elementor-container elementor-column-gap-default\">\n\t\t\t\t\t<div class=\"elementor-column elementor-col-100 elementor-top-column elementor-element elementor-element-7de75335\" data-id=\"7de75335\" data-element_type=\"column\">\n\t\t\t<div class=\"elementor-widget-wrap elementor-element-populated\">\n\t\t\t\t\t\t\t\t<div class=\"elementor-element elementor-element-58592dbf elementor-widget__width-initial elementor-widget elementor-widget-text-editor\" data-id=\"58592dbf\" data-element_type=\"widget\" data-widget_type=\"text-editor.default\">\n\t\t\t\t<div class=\"elementor-widget-container\">\n\t\t\t\t\t\t\t<p><strong>Consejo del d\u00eda:<\/strong> No hay que temer al <strong>Coll de Panissars,<\/strong> pero es mejor encararlo con energ\u00eda, ya que <strong>en algunos tramos tendr\u00e1s que empujar la bici.<\/strong> Y en el descenso posterior,<strong> toma cada curva apretando frenos con calma y disfruta del paisaje.<\/strong> \u00a1Aun empujando, vale la pena!<\/p>\t\t\t\t\t\t<\/div>\n\t\t\t\t<\/div>\n\t\t\t\t\t<\/div>\n\t\t<\/div>\n\t\t\t\t\t\t\t<\/div>\n\t\t<\/section>\n\t\t\t\t<section class=\"elementor-section elementor-top-section elementor-element elementor-element-6d97f75 elementor-section-boxed elementor-section-height-default elementor-section-height-default\" data-id=\"6d97f75\" data-element_type=\"section\">\n\t\t\t\t\t\t<div class=\"elementor-container elementor-column-gap-default\">\n\t\t\t\t\t<div class=\"elementor-column elementor-col-100 elementor-top-column elementor-element elementor-element-2b0890ad\" data-id=\"2b0890ad\" data-element_type=\"column\">\n\t\t\t<div class=\"elementor-widget-wrap elementor-element-populated\">\n\t\t\t\t\t\t\t\t<div class=\"elementor-element elementor-element-250b945d elementor-widget elementor-widget-image\" data-id=\"250b945d\" data-element_type=\"widget\" data-widget_type=\"image.default\">\n\t\t\t\t<div class=\"elementor-widget-container\">\n\t\t\t\t\t\t\t\t\t\t\t\t<figure class=\"wp-caption\">\n\t\t\t\t\t\t\t\t\t\t<img loading=\"lazy\" decoding=\"async\" width=\"1500\" height=\"800\" src=\"https:\/\/www.viesverdes.cat\/wp-content\/uploads\/2025\/04\/Diari-de-viatge-pirinexus-etapa-4.jpg\" class=\"attachment-full size-full wp-image-27689\" alt=\"\" srcset=\"https:\/\/www.viesverdes.cat\/wp-content\/uploads\/2025\/04\/Diari-de-viatge-pirinexus-etapa-4.jpg 1500w, https:\/\/www.viesverdes.cat\/wp-content\/uploads\/2025\/04\/Diari-de-viatge-pirinexus-etapa-4-300x160.jpg 300w, https:\/\/www.viesverdes.cat\/wp-content\/uploads\/2025\/04\/Diari-de-viatge-pirinexus-etapa-4-768x410.jpg 768w, https:\/\/www.viesverdes.cat\/wp-content\/uploads\/2025\/04\/Diari-de-viatge-pirinexus-etapa-4-1024x546.jpg 1024w\" sizes=\"(max-width: 1500px) 100vw, 1500px\" \/>\t\t\t\t\t\t\t\t\t\t\t<figcaption class=\"widget-image-caption wp-caption-text\">Ciclista en la Pirinexus. Foto: Cris Maristany<\/figcaption>\n\t\t\t\t\t\t\t\t\t\t<\/figure>\n\t\t\t\t\t\t\t\t\t<\/div>\n\t\t\t\t<\/div>\n\t\t\t\t\t<\/div>\n\t\t<\/div>\n\t\t\t\t\t\t\t<\/div>\n\t\t<\/section>\n\t\t\t\t<section class=\"elementor-section elementor-top-section elementor-element elementor-element-bebfafd elementor-section-boxed elementor-section-height-default elementor-section-height-default\" data-id=\"bebfafd\" data-element_type=\"section\">\n\t\t\t\t\t\t<div class=\"elementor-container elementor-column-gap-default\">\n\t\t\t\t\t<div class=\"elementor-column elementor-col-100 elementor-top-column elementor-element elementor-element-3f35e75\" data-id=\"3f35e75\" data-element_type=\"column\">\n\t\t\t<div class=\"elementor-widget-wrap elementor-element-populated\">\n\t\t\t\t\t\t\t\t<div class=\"elementor-element elementor-element-20aacf4 elementor-widget__width-initial elementor-widget elementor-widget-text-editor\" data-id=\"20aacf4\" data-element_type=\"widget\" data-widget_type=\"text-editor.default\">\n\t\t\t\t<div class=\"elementor-widget-container\">\n\t\t\t\t\t\t\t<h4><strong><span style=\"color: #000000;\">Quinta etapa. De Peralada a Palam\u00f3s<\/span><\/strong><\/h4>\t\t\t\t\t\t<\/div>\n\t\t\t\t<\/div>\n\t\t\t\t\t<\/div>\n\t\t<\/div>\n\t\t\t\t\t\t\t<\/div>\n\t\t<\/section>\n\t\t\t\t<section class=\"elementor-section elementor-top-section elementor-element elementor-element-148f4f42 elementor-section-boxed elementor-section-height-default elementor-section-height-default\" data-id=\"148f4f42\" data-element_type=\"section\">\n\t\t\t\t\t\t<div class=\"elementor-container elementor-column-gap-default\">\n\t\t\t\t\t<div class=\"elementor-column elementor-col-100 elementor-top-column elementor-element elementor-element-5b8270a9\" data-id=\"5b8270a9\" data-element_type=\"column\">\n\t\t\t<div class=\"elementor-widget-wrap elementor-element-populated\">\n\t\t\t\t\t\t\t\t<div class=\"elementor-element elementor-element-138b840b elementor-widget__width-initial elementor-widget elementor-widget-text-editor\" data-id=\"138b840b\" data-element_type=\"widget\" data-widget_type=\"text-editor.default\">\n\t\t\t\t<div class=\"elementor-widget-container\">\n\t\t\t\t\t\t\t<p>Algunos d\u00edas <strong>me encanta salir en ayunas,<\/strong> pedalear unos kil\u00f3metros y luego <strong>detenerme en un bar local para ese primer desayuno.<\/strong> S\u00ed, <strong>los que viajamos en bici solemos desayunar dos veces,<\/strong> es uno de esos peque\u00f1os lujos que el camino nos permite.<\/p><p>Hoy llegu\u00e9 a Sant Pere Pescador y, para mi sorpresa, me encontr\u00e9 con <strong>una feria en plena acci\u00f3n.<\/strong> \u00a1Qu\u00e9 ambiente! De repente sent\u00ed como si hubiera cruzado a otro pa\u00eds, uno de esos del norte, <strong>lleno de gente alta y rubia en bicicletas con alforjas.<\/strong> \u00a1Qu\u00e9 gozada! Bicis por todos lados. As\u00ed continu\u00f3 el trayecto hasta <strong>L\u2019Escala, compartiendo las ciclosendas con otros cicloturistas europeos.<\/strong><\/p><p><strong>Llegar al mar fue un verdadero regalo.<\/strong> Esta ruta lo tiene todo: <strong>ciudades, pueblos peque\u00f1os, naturaleza, parques, monta\u00f1as, llanuras y, ahora, la costa,<\/strong> con su playa y <strong>el Mediterr\u00e1neo<\/strong> extendi\u00e9ndose ante m\u00ed. No sab\u00eda <strong>la importancia que tuvieron Emp\u00faries y L\u2019Escala en la \u00e9poca griega y romana,<\/strong> y fue uno de los grandes descubrimientos del d\u00eda.<\/p><p>Y s\u00ed, <strong>en este tramo me sent\u00ed como una turista m\u00e1s,<\/strong> pedaleando por el carril bici del paseo junto a la playa. No estaba el d\u00eda para un ba\u00f1o, pero de haber sido as\u00ed, \u00a1me habr\u00eda lanzado sin pensarlo! Sol, una brisa suave y <strong>comida al aire libre\u2026 qu\u00e9 privilegios da el cicloturismo.<\/strong><\/p><p><strong>Recorrer los campos de manzanas, justo en plena cosecha, fue otro momento especial.<\/strong> Atravesar<strong> la orilla del Ter, rodeada de aves y calma,<\/strong> integr\u00e1ndome en el paisaje\u2026 <strong>\u00a1hasta me regalaron manzanas reci\u00e9n recogidas del \u00e1rbol!<\/strong><\/p><p><strong>Mi momento favorito fue la &#8220;golden hour&#8221;.<\/strong> Cuando viajo en bici, me encanta que el atardecer, con su luz dorada, me sorprenda pedaleando. Hoy la disfrut\u00e9 mientras avanzaba por la <span style=\"text-decoration: underline;\"><strong><a href=\"https:\/\/www.viesverdes.cat\/es\/rutes_vies_verdes\/ruta-del-tren-petit-es\/\">v\u00eda verde del Tren Petit<\/a><\/strong><\/span>, llegando a <strong>Palam\u00f3s, un pueblo pesquero transformado por el turismo,<\/strong> donde termin\u00e9 la etapa y pas\u00e9 la noche.<\/p>\t\t\t\t\t\t<\/div>\n\t\t\t\t<\/div>\n\t\t\t\t\t<\/div>\n\t\t<\/div>\n\t\t\t\t\t\t\t<\/div>\n\t\t<\/section>\n\t\t\t\t<section class=\"elementor-section elementor-top-section elementor-element elementor-element-11eab5c elementor-section-boxed elementor-section-height-default elementor-section-height-default\" data-id=\"11eab5c\" data-element_type=\"section\">\n\t\t\t\t\t\t<div class=\"elementor-container elementor-column-gap-default\">\n\t\t\t\t\t<div class=\"elementor-column elementor-col-100 elementor-top-column elementor-element elementor-element-089e280\" data-id=\"089e280\" data-element_type=\"column\">\n\t\t\t<div class=\"elementor-widget-wrap elementor-element-populated\">\n\t\t\t\t\t\t\t\t<div class=\"elementor-element elementor-element-cbb773a elementor-widget__width-initial elementor-widget elementor-widget-text-editor\" data-id=\"cbb773a\" data-element_type=\"widget\" data-widget_type=\"text-editor.default\">\n\t\t\t\t<div class=\"elementor-widget-container\">\n\t\t\t\t\t\t\t<p><strong>Consejo del d\u00eda:<\/strong> Disfruta del d\u00eda de hoy como si fuese un d\u00eda veraniego en bici en tu pueblo de playa.<\/p>\t\t\t\t\t\t<\/div>\n\t\t\t\t<\/div>\n\t\t\t\t\t<\/div>\n\t\t<\/div>\n\t\t\t\t\t\t\t<\/div>\n\t\t<\/section>\n\t\t\t\t<section class=\"elementor-section elementor-top-section elementor-element elementor-element-0da2acc elementor-section-boxed elementor-section-height-default elementor-section-height-default\" data-id=\"0da2acc\" data-element_type=\"section\">\n\t\t\t\t\t\t<div class=\"elementor-container elementor-column-gap-default\">\n\t\t\t\t\t<div class=\"elementor-column elementor-col-100 elementor-top-column elementor-element elementor-element-c5fd4a9\" data-id=\"c5fd4a9\" data-element_type=\"column\">\n\t\t\t<div class=\"elementor-widget-wrap elementor-element-populated\">\n\t\t\t\t\t\t\t\t<div class=\"elementor-element elementor-element-693cbf4 elementor-widget elementor-widget-image\" data-id=\"693cbf4\" data-element_type=\"widget\" data-widget_type=\"image.default\">\n\t\t\t\t<div class=\"elementor-widget-container\">\n\t\t\t\t\t\t\t\t\t\t\t\t<figure class=\"wp-caption\">\n\t\t\t\t\t\t\t\t\t\t<img loading=\"lazy\" decoding=\"async\" width=\"1500\" height=\"800\" src=\"https:\/\/www.viesverdes.cat\/wp-content\/uploads\/2025\/04\/Diari-de-viatge-pirinexus-etapa-5.jpg\" class=\"attachment-full size-full wp-image-27693\" alt=\"Diari de viatge Pirinexus etapa 5\" srcset=\"https:\/\/www.viesverdes.cat\/wp-content\/uploads\/2025\/04\/Diari-de-viatge-pirinexus-etapa-5.jpg 1500w, https:\/\/www.viesverdes.cat\/wp-content\/uploads\/2025\/04\/Diari-de-viatge-pirinexus-etapa-5-300x160.jpg 300w, https:\/\/www.viesverdes.cat\/wp-content\/uploads\/2025\/04\/Diari-de-viatge-pirinexus-etapa-5-768x410.jpg 768w, https:\/\/www.viesverdes.cat\/wp-content\/uploads\/2025\/04\/Diari-de-viatge-pirinexus-etapa-5-1024x546.jpg 1024w\" sizes=\"(max-width: 1500px) 100vw, 1500px\" \/>\t\t\t\t\t\t\t\t\t\t\t<figcaption class=\"widget-image-caption wp-caption-text\">Ciclista en el paseo de Sant mart\u00ed d'Emp\u00faries, ruta Pirinexus. Foto: Iria Prendes<\/figcaption>\n\t\t\t\t\t\t\t\t\t\t<\/figure>\n\t\t\t\t\t\t\t\t\t<\/div>\n\t\t\t\t<\/div>\n\t\t\t\t\t<\/div>\n\t\t<\/div>\n\t\t\t\t\t\t\t<\/div>\n\t\t<\/section>\n\t\t\t\t<section class=\"elementor-section elementor-top-section elementor-element elementor-element-c62cb4c elementor-section-boxed elementor-section-height-default elementor-section-height-default\" data-id=\"c62cb4c\" data-element_type=\"section\">\n\t\t\t\t\t\t<div class=\"elementor-container elementor-column-gap-default\">\n\t\t\t\t\t<div class=\"elementor-column elementor-col-100 elementor-top-column elementor-element elementor-element-08a764c\" data-id=\"08a764c\" data-element_type=\"column\">\n\t\t\t<div class=\"elementor-widget-wrap elementor-element-populated\">\n\t\t\t\t\t\t\t\t<div class=\"elementor-element elementor-element-e190225 elementor-widget__width-initial elementor-widget elementor-widget-text-editor\" data-id=\"e190225\" data-element_type=\"widget\" data-widget_type=\"text-editor.default\">\n\t\t\t\t<div class=\"elementor-widget-container\">\n\t\t\t\t\t\t\t<h4><strong><span style=\"color: #000000;\">Sexta etapa. De Palam\u00f3s a Girona<\/span><\/strong><\/h4>\t\t\t\t\t\t<\/div>\n\t\t\t\t<\/div>\n\t\t\t\t\t<\/div>\n\t\t<\/div>\n\t\t\t\t\t\t\t<\/div>\n\t\t<\/section>\n\t\t\t\t<section class=\"elementor-section elementor-top-section elementor-element elementor-element-d3b3b75 elementor-section-boxed elementor-section-height-default elementor-section-height-default\" data-id=\"d3b3b75\" data-element_type=\"section\">\n\t\t\t\t\t\t<div class=\"elementor-container elementor-column-gap-default\">\n\t\t\t\t\t<div class=\"elementor-column elementor-col-100 elementor-top-column elementor-element elementor-element-e7bc676\" data-id=\"e7bc676\" data-element_type=\"column\">\n\t\t\t<div class=\"elementor-widget-wrap elementor-element-populated\">\n\t\t\t\t\t\t\t\t<div class=\"elementor-element elementor-element-a6e43f2 elementor-widget__width-initial elementor-widget elementor-widget-text-editor\" data-id=\"a6e43f2\" data-element_type=\"widget\" data-widget_type=\"text-editor.default\">\n\t\t\t\t<div class=\"elementor-widget-container\">\n\t\t\t\t\t\t\t<p><strong>Y as\u00ed lleg\u00f3 el final.<\/strong> Este \u00faltimo d\u00eda fue <strong>tan disfrutable como el resto.<\/strong> <strong>Los primeros kil\u00f3metros, por los carriles bici hasta Sant Feliu de Gu\u00edxols,<\/strong> fueron una simple conexi\u00f3n entre calles, coches y casas de veraneo, un tramo casi rutinario.<\/p><p>Pero al tomar la <a href=\"https:\/\/www.viesverdes.cat\/es\/rutes_vies_verdes\/ruta-del-carrilet-ii-es\/\"><span style=\"text-decoration: underline;\"><strong>v\u00eda verde del Carrilet<\/strong><\/span><\/a>, sent\u00ed <strong>como si estuviera entrando en una autopista segura, una vuelta a casa en calma.<\/strong> Kil\u00f3metro a kil\u00f3metro, <strong>iba avanzando en la suave pendiente, disfrutando de la tranquilidad de esta ruta<\/strong> que poco a poco me llevaba al fin del viaje.<\/p><p>Curiosamente, en esta etapa <strong>no sumaba kil\u00f3metros, sino que los restaba: &#8220;me quedan 20\u2026 ahora solo 5&#8221;.<\/strong> A diferencia de los d\u00edas anteriores, donde contaba lo que llevaba avanzado, <strong>hoy contaba lo que me faltaba.<\/strong><\/p><p>Hice una parada en <strong>Cass\u00e0 de la Selva<\/strong> para almorzar y ya se notaba la presencia de ciclistas que ven\u00edan de Girona para pasar el d\u00eda. <strong>\u00daltimos kil\u00f3metros hacia el destino final, \u00faltimas fotos en los &#8220;totem selfies&#8221;, \u00faltimas postales para el recuerdo\u2026 y tambi\u00e9n mi primera ca\u00edda del viaje.<\/strong> Afortunadamente, nada grave; solo <strong>un peque\u00f1o incidente para recordar con humor.<\/strong><\/p>\t\t\t\t\t\t<\/div>\n\t\t\t\t<\/div>\n\t\t\t\t\t<\/div>\n\t\t<\/div>\n\t\t\t\t\t\t\t<\/div>\n\t\t<\/section>\n\t\t\t\t<section class=\"elementor-section elementor-top-section elementor-element elementor-element-87d6680 elementor-section-boxed elementor-section-height-default elementor-section-height-default\" data-id=\"87d6680\" data-element_type=\"section\">\n\t\t\t\t\t\t<div class=\"elementor-container elementor-column-gap-default\">\n\t\t\t\t\t<div class=\"elementor-column elementor-col-100 elementor-top-column elementor-element elementor-element-2e8dcd7\" data-id=\"2e8dcd7\" data-element_type=\"column\">\n\t\t\t<div class=\"elementor-widget-wrap elementor-element-populated\">\n\t\t\t\t\t\t\t\t<div class=\"elementor-element elementor-element-f43456b elementor-widget__width-initial elementor-widget elementor-widget-text-editor\" data-id=\"f43456b\" data-element_type=\"widget\" data-widget_type=\"text-editor.default\">\n\t\t\t\t<div class=\"elementor-widget-container\">\n\t\t\t\t\t\t\t<p><strong>Consejo del d\u00eda:<\/strong> <strong>No te despistes ni siquiera en una v\u00eda verde.<\/strong> Las ca\u00eddas m\u00e1s tontas <strong>son las que a veces conllevan m\u00e1s da\u00f1os.<\/strong><\/p>\t\t\t\t\t\t<\/div>\n\t\t\t\t<\/div>\n\t\t\t\t\t<\/div>\n\t\t<\/div>\n\t\t\t\t\t\t\t<\/div>\n\t\t<\/section>\n\t\t\t\t<section class=\"elementor-section elementor-top-section elementor-element elementor-element-d06ad2 elementor-section-boxed elementor-section-height-default elementor-section-height-default\" data-id=\"d06ad2\" data-element_type=\"section\">\n\t\t\t\t\t\t<div class=\"elementor-container elementor-column-gap-default\">\n\t\t\t\t\t<div class=\"elementor-column elementor-col-100 elementor-top-column elementor-element elementor-element-2b6e7f16\" data-id=\"2b6e7f16\" data-element_type=\"column\">\n\t\t\t<div class=\"elementor-widget-wrap elementor-element-populated\">\n\t\t\t\t\t\t\t\t<div class=\"elementor-element elementor-element-71cd3435 elementor-widget elementor-widget-image\" data-id=\"71cd3435\" data-element_type=\"widget\" data-widget_type=\"image.default\">\n\t\t\t\t<div class=\"elementor-widget-container\">\n\t\t\t\t\t\t\t\t\t\t\t\t<figure class=\"wp-caption\">\n\t\t\t\t\t\t\t\t\t\t<img loading=\"lazy\" decoding=\"async\" width=\"1500\" height=\"800\" src=\"https:\/\/www.viesverdes.cat\/wp-content\/uploads\/2025\/04\/Diari-de-viatge-pirinexus-etapa-6.jpg\" class=\"attachment-full size-full wp-image-27697\" alt=\"\" srcset=\"https:\/\/www.viesverdes.cat\/wp-content\/uploads\/2025\/04\/Diari-de-viatge-pirinexus-etapa-6.jpg 1500w, https:\/\/www.viesverdes.cat\/wp-content\/uploads\/2025\/04\/Diari-de-viatge-pirinexus-etapa-6-300x160.jpg 300w, https:\/\/www.viesverdes.cat\/wp-content\/uploads\/2025\/04\/Diari-de-viatge-pirinexus-etapa-6-768x410.jpg 768w, https:\/\/www.viesverdes.cat\/wp-content\/uploads\/2025\/04\/Diari-de-viatge-pirinexus-etapa-6-1024x546.jpg 1024w\" sizes=\"(max-width: 1500px) 100vw, 1500px\" \/>\t\t\t\t\t\t\t\t\t\t\t<figcaption class=\"widget-image-caption wp-caption-text\">Ciclista en Santa Cristina d'Aro, ruta Pirinexus. Foto: Iria Prendes<\/figcaption>\n\t\t\t\t\t\t\t\t\t\t<\/figure>\n\t\t\t\t\t\t\t\t\t<\/div>\n\t\t\t\t<\/div>\n\t\t\t\t\t<\/div>\n\t\t<\/div>\n\t\t\t\t\t\t\t<\/div>\n\t\t<\/section>\n\t\t\t\t<section class=\"elementor-section elementor-top-section elementor-element elementor-element-419c56f6 elementor-section-boxed elementor-section-height-default elementor-section-height-default\" data-id=\"419c56f6\" data-element_type=\"section\">\n\t\t\t\t\t\t<div class=\"elementor-container elementor-column-gap-default\">\n\t\t\t\t\t<div class=\"elementor-column elementor-col-100 elementor-top-column elementor-element elementor-element-1e9a4546\" data-id=\"1e9a4546\" data-element_type=\"column\">\n\t\t\t<div class=\"elementor-widget-wrap elementor-element-populated\">\n\t\t\t\t\t\t\t\t<div class=\"elementor-element elementor-element-59af3037 elementor-widget__width-initial elementor-widget elementor-widget-text-editor\" data-id=\"59af3037\" data-element_type=\"widget\" data-widget_type=\"text-editor.default\">\n\t\t\t\t<div class=\"elementor-widget-container\">\n\t\t\t\t\t\t\t<p><strong>\u00a1Qu\u00e9 viajazo!<\/strong> Estos 6 d\u00edas han sido <strong>una desconexi\u00f3n total de mi realidad y una conexi\u00f3n aut\u00e9ntica con la provincia de Girona y esa peque\u00f1a esquina de Francia.<\/strong> Como buena amante de los helados, decid\u00ed cerrar con broche de oro en la helader\u00eda m\u00e1s famosa de Girona.<\/p><p><strong>340 kil\u00f3metros en 6 d\u00edas. Otro gran viaje para a\u00f1adir a mi lista de experiencias inolvidables.<\/strong><\/p>\t\t\t\t\t\t<\/div>\n\t\t\t\t<\/div>\n\t\t\t\t\t<\/div>\n\t\t<\/div>\n\t\t\t\t\t\t\t<\/div>\n\t\t<\/section>\n\t\t\t\t<section class=\"elementor-section elementor-top-section elementor-element elementor-element-d1e22be elementor-section-boxed elementor-section-height-default elementor-section-height-default\" data-id=\"d1e22be\" data-element_type=\"section\">\n\t\t\t\t\t\t<div class=\"elementor-container elementor-column-gap-default\">\n\t\t\t\t\t<div class=\"elementor-column elementor-col-100 elementor-top-column elementor-element elementor-element-4d9740c6\" data-id=\"4d9740c6\" data-element_type=\"column\">\n\t\t\t<div class=\"elementor-widget-wrap elementor-element-populated\">\n\t\t\t\t\t\t\t\t<div class=\"elementor-element elementor-element-52aabe97 elementor-widget__width-initial elementor-widget elementor-widget-text-editor\" data-id=\"52aabe97\" data-element_type=\"widget\" data-widget_type=\"text-editor.default\">\n\t\t\t\t<div class=\"elementor-widget-container\">\n\t\t\t\t\t\t\t<p>Y as\u00ed, tras seis d\u00edas de aventura y 340 kil\u00f3metros, <strong>este viaje llega a su fin.<\/strong> Fue <strong>un recorrido que me desconect\u00f3 del d\u00eda a d\u00eda y me conect\u00f3 con los detalles de Girona y el sur de Francia.<\/strong> Desde pueblos pintorescos y monta\u00f1as imponentes hasta la brisa del Mediterr\u00e1neo y el sabor de un helado en Girona, este viaje queda guardado como <strong>una experiencia inolvidable.<\/strong> La Pirinexus me ha permitido saborear cada momento, <strong>y sin duda ya estoy pensando en mi pr\u00f3ximo viaje en bici.<\/strong><\/p>\t\t\t\t\t\t<\/div>\n\t\t\t\t<\/div>\n\t\t\t\t\t<\/div>\n\t\t<\/div>\n\t\t\t\t\t\t\t<\/div>\n\t\t<\/section>\n\t\t\t\t<section class=\"elementor-section elementor-top-section elementor-element elementor-element-1cf18bfe elementor-section-boxed elementor-section-height-default elementor-section-height-default\" data-id=\"1cf18bfe\" data-element_type=\"section\">\n\t\t\t\t\t\t<div class=\"elementor-container elementor-column-gap-default\">\n\t\t\t\t\t<div class=\"elementor-column elementor-col-100 elementor-top-column elementor-element elementor-element-37c6d980\" data-id=\"37c6d980\" data-element_type=\"column\">\n\t\t\t<div class=\"elementor-widget-wrap elementor-element-populated\">\n\t\t\t\t\t\t\t\t<div class=\"elementor-element elementor-element-538195f7 elementor-widget elementor-widget-spacer\" data-id=\"538195f7\" data-element_type=\"widget\" data-widget_type=\"spacer.default\">\n\t\t\t\t<div class=\"elementor-widget-container\">\n\t\t\t\t\t<div class=\"elementor-spacer\">\n\t\t\t<div class=\"elementor-spacer-inner\"><\/div>\n\t\t<\/div>\n\t\t\t\t<\/div>\n\t\t\t\t<\/div>\n\t\t\t\t\t<\/div>\n\t\t<\/div>\n\t\t\t\t\t\t\t<\/div>\n\t\t<\/section>\n\t\t\t\t<section class=\"elementor-section elementor-top-section elementor-element elementor-element-45851282 elementor-section-boxed elementor-section-height-default elementor-section-height-default\" data-id=\"45851282\" data-element_type=\"section\">\n\t\t\t\t\t\t<div class=\"elementor-container elementor-column-gap-default\">\n\t\t\t\t\t<div class=\"elementor-column elementor-col-100 elementor-top-column elementor-element elementor-element-3f73e7cd\" data-id=\"3f73e7cd\" data-element_type=\"column\">\n\t\t\t<div class=\"elementor-widget-wrap elementor-element-populated\">\n\t\t\t\t\t\t\t\t<div class=\"elementor-element elementor-element-16b6e468 elementor-widget elementor-widget-html\" data-id=\"16b6e468\" data-element_type=\"widget\" data-widget_type=\"html.default\">\n\t\t\t\t<div class=\"elementor-widget-container\">\n\t\t\t<div class=\"a2a_kit a2a_kit_size_32 a2a_default_style\" style=\"display: flex; justify-content: center;\">\r\n<a class=\"a2a_button_whatsapp\" style=\"color: #B4BA06;\"><\/a>\r\n<a class=\"a2a_button_x\" style=\"color: #B4BA06;\"><\/a>\r\n<a class=\"a2a_button_facebook\" style=\"color: #B4BA06;\"><\/a>\r\n<a class=\"a2a_button_email\" style=\"color: #B4BA06;\"><\/a>\r\n<a class=\"a2a_button_copy_link\" style=\"color: #B4BA06;\"><\/a>\r\n<\/div>\r\n<script>\r\nvar a2a_config = a2a_config || {};\r\na2a_config.locale = \"ca-ES\";\r\na2a_config.num_services = 6;\r\n<\/script>\r\n<script async src=\"https:\/\/static.addtoany.com\/menu\/page.js\"><\/script>\t\t<\/div>\n\t\t\t\t<\/div>\n\t\t\t\t\t<\/div>\n\t\t<\/div>\n\t\t\t\t\t\t\t<\/div>\n\t\t<\/section>\n\t\t\t\t\t\t\t<\/div>\n\t\t","protected":false},"featured_media":0,"menu_order":0,"template":"elementor_theme","format":"standard","acf":[],"yoast_head":"<!-- This site is optimized with the Yoast SEO plugin v22.2 - https:\/\/yoast.com\/wordpress\/plugins\/seo\/ -->\n<title>Diario de viaje: Pirinexus (2\/2) - Ecovies de Girona<\/title>\n<meta name=\"description\" content=\"Descubre la segunda parte del diario de viaje por la Pirinexus: de Ceret a Girona en bici. Un relato lleno de paisajes, historia, consejos \u00fatiles y momentos \u00fanicos entre el Pirineo y la Costa Brava. Una experiencia inolvidable de cicloturismo en las comarcas gerundenses.\" \/>\n<meta name=\"robots\" content=\"index, follow, max-snippet:-1, max-image-preview:large, max-video-preview:-1\" \/>\n<link rel=\"canonical\" href=\"https:\/\/www.viesverdes.cat\/es\/blog\/diario-de-viaje-pirinexus-parte-2\/\" \/>\n<meta property=\"og:locale\" content=\"es_ES\" \/>\n<meta property=\"og:type\" content=\"article\" \/>\n<meta property=\"og:title\" content=\"Diario de viaje: Pirinexus (2\/2) - Ecovies de Girona\" \/>\n<meta property=\"og:description\" content=\"Descubre la segunda parte del diario de viaje por la Pirinexus: de Ceret a Girona en bici. Un relato lleno de paisajes, historia, consejos \u00fatiles y momentos \u00fanicos entre el Pirineo y la Costa Brava. Una experiencia inolvidable de cicloturismo en las comarcas gerundenses.\" \/>\n<meta property=\"og:url\" content=\"https:\/\/www.viesverdes.cat\/es\/blog\/diario-de-viaje-pirinexus-parte-2\/\" \/>\n<meta property=\"og:site_name\" content=\"Ecovies de Girona\" \/>\n<meta property=\"article:publisher\" content=\"https:\/\/www.facebook.com\/viesverdesgirona\" \/>\n<meta property=\"article:modified_time\" content=\"2025-04-11T07:07:51+00:00\" \/>\n<meta property=\"og:image\" content=\"http:\/\/www.viesverdes.cat\/wp-content\/uploads\/2025\/04\/Portada-diari-Pirinexus-part-2.jpg\" \/>\n<meta name=\"twitter:card\" content=\"summary_large_image\" \/>\n<meta name=\"twitter:site\" content=\"@viesverdesgi\" \/>\n<meta name=\"twitter:label1\" content=\"Tiempo de lectura\" \/>\n\t<meta name=\"twitter:data1\" content=\"8 minutos\" \/>\n<script type=\"application\/ld+json\" class=\"yoast-schema-graph\">{\"@context\":\"https:\/\/schema.org\",\"@graph\":[{\"@type\":\"WebPage\",\"@id\":\"https:\/\/www.viesverdes.cat\/es\/blog\/diario-de-viaje-pirinexus-parte-2\/\",\"url\":\"https:\/\/www.viesverdes.cat\/es\/blog\/diario-de-viaje-pirinexus-parte-2\/\",\"name\":\"Diario de viaje: Pirinexus (2\/2) - Ecovies de Girona\",\"isPartOf\":{\"@id\":\"https:\/\/www.viesverdes.cat\/#website\"},\"primaryImageOfPage\":{\"@id\":\"https:\/\/www.viesverdes.cat\/es\/blog\/diario-de-viaje-pirinexus-parte-2\/#primaryimage\"},\"image\":{\"@id\":\"https:\/\/www.viesverdes.cat\/es\/blog\/diario-de-viaje-pirinexus-parte-2\/#primaryimage\"},\"thumbnailUrl\":\"http:\/\/www.viesverdes.cat\/wp-content\/uploads\/2025\/04\/Portada-diari-Pirinexus-part-2.jpg\",\"datePublished\":\"2025-04-11T07:07:42+00:00\",\"dateModified\":\"2025-04-11T07:07:51+00:00\",\"description\":\"Descubre la segunda parte del diario de viaje por la Pirinexus: de Ceret a Girona en bici. Un relato lleno de paisajes, historia, consejos \u00fatiles y momentos \u00fanicos entre el Pirineo y la Costa Brava. Una experiencia inolvidable de cicloturismo en las comarcas gerundenses.\",\"breadcrumb\":{\"@id\":\"https:\/\/www.viesverdes.cat\/es\/blog\/diario-de-viaje-pirinexus-parte-2\/#breadcrumb\"},\"inLanguage\":\"es\",\"potentialAction\":[{\"@type\":\"ReadAction\",\"target\":[\"https:\/\/www.viesverdes.cat\/es\/blog\/diario-de-viaje-pirinexus-parte-2\/\"]}]},{\"@type\":\"ImageObject\",\"inLanguage\":\"es\",\"@id\":\"https:\/\/www.viesverdes.cat\/es\/blog\/diario-de-viaje-pirinexus-parte-2\/#primaryimage\",\"url\":\"http:\/\/www.viesverdes.cat\/wp-content\/uploads\/2025\/04\/Portada-diari-Pirinexus-part-2.jpg\",\"contentUrl\":\"http:\/\/www.viesverdes.cat\/wp-content\/uploads\/2025\/04\/Portada-diari-Pirinexus-part-2.jpg\"},{\"@type\":\"BreadcrumbList\",\"@id\":\"https:\/\/www.viesverdes.cat\/es\/blog\/diario-de-viaje-pirinexus-parte-2\/#breadcrumb\",\"itemListElement\":[{\"@type\":\"ListItem\",\"position\":1,\"name\":\"Inici\",\"item\":\"https:\/\/www.viesverdes.cat\/\"},{\"@type\":\"ListItem\",\"position\":2,\"name\":\"Diario de viaje: Pirinexus (2\/2)\"}]},{\"@type\":\"WebSite\",\"@id\":\"https:\/\/www.viesverdes.cat\/#website\",\"url\":\"https:\/\/www.viesverdes.cat\/\",\"name\":\"Vies Verdes i Pirinexus\",\"description\":\"\",\"publisher\":{\"@id\":\"https:\/\/www.viesverdes.cat\/#organization\"},\"potentialAction\":[{\"@type\":\"SearchAction\",\"target\":{\"@type\":\"EntryPoint\",\"urlTemplate\":\"https:\/\/www.viesverdes.cat\/?s={search_term_string}\"},\"query-input\":\"required name=search_term_string\"}],\"inLanguage\":\"es\"},{\"@type\":\"Organization\",\"@id\":\"https:\/\/www.viesverdes.cat\/#organization\",\"name\":\"Consorci de les Vies Verdes de Girona\",\"url\":\"https:\/\/www.viesverdes.cat\/\",\"logo\":{\"@type\":\"ImageObject\",\"inLanguage\":\"es\",\"@id\":\"https:\/\/www.viesverdes.cat\/#\/schema\/logo\/image\/\",\"url\":\"https:\/\/www.viesverdes.cat\/wp-content\/uploads\/2023\/04\/Logo-Consorci-Vies-Verdes-color-1-e1682501524240.png\",\"contentUrl\":\"https:\/\/www.viesverdes.cat\/wp-content\/uploads\/2023\/04\/Logo-Consorci-Vies-Verdes-color-1-e1682501524240.png\",\"width\":350,\"height\":41,\"caption\":\"Consorci de les Vies Verdes de Girona\"},\"image\":{\"@id\":\"https:\/\/www.viesverdes.cat\/#\/schema\/logo\/image\/\"},\"sameAs\":[\"https:\/\/www.facebook.com\/viesverdesgirona\",\"https:\/\/twitter.com\/viesverdesgi\",\"https:\/\/www.youtube.com\/viesverdesgi\",\"https:\/\/www.instagram.com\/viesverdesgi\/\"]}]}<\/script>\n<!-- \/ Yoast SEO plugin. -->","yoast_head_json":{"title":"Diario de viaje: Pirinexus (2\/2) - Ecovies de Girona","description":"Descubre la segunda parte del diario de viaje por la Pirinexus: de Ceret a Girona en bici. Un relato lleno de paisajes, historia, consejos \u00fatiles y momentos \u00fanicos entre el Pirineo y la Costa Brava. Una experiencia inolvidable de cicloturismo en las comarcas gerundenses.","robots":{"index":"index","follow":"follow","max-snippet":"max-snippet:-1","max-image-preview":"max-image-preview:large","max-video-preview":"max-video-preview:-1"},"canonical":"https:\/\/www.viesverdes.cat\/es\/blog\/diario-de-viaje-pirinexus-parte-2\/","og_locale":"es_ES","og_type":"article","og_title":"Diario de viaje: Pirinexus (2\/2) - Ecovies de Girona","og_description":"Descubre la segunda parte del diario de viaje por la Pirinexus: de Ceret a Girona en bici. Un relato lleno de paisajes, historia, consejos \u00fatiles y momentos \u00fanicos entre el Pirineo y la Costa Brava. Una experiencia inolvidable de cicloturismo en las comarcas gerundenses.","og_url":"https:\/\/www.viesverdes.cat\/es\/blog\/diario-de-viaje-pirinexus-parte-2\/","og_site_name":"Ecovies de Girona","article_publisher":"https:\/\/www.facebook.com\/viesverdesgirona","article_modified_time":"2025-04-11T07:07:51+00:00","og_image":[{"url":"http:\/\/www.viesverdes.cat\/wp-content\/uploads\/2025\/04\/Portada-diari-Pirinexus-part-2.jpg"}],"twitter_card":"summary_large_image","twitter_site":"@viesverdesgi","twitter_misc":{"Tiempo de lectura":"8 minutos"},"schema":{"@context":"https:\/\/schema.org","@graph":[{"@type":"WebPage","@id":"https:\/\/www.viesverdes.cat\/es\/blog\/diario-de-viaje-pirinexus-parte-2\/","url":"https:\/\/www.viesverdes.cat\/es\/blog\/diario-de-viaje-pirinexus-parte-2\/","name":"Diario de viaje: Pirinexus (2\/2) - Ecovies de Girona","isPartOf":{"@id":"https:\/\/www.viesverdes.cat\/#website"},"primaryImageOfPage":{"@id":"https:\/\/www.viesverdes.cat\/es\/blog\/diario-de-viaje-pirinexus-parte-2\/#primaryimage"},"image":{"@id":"https:\/\/www.viesverdes.cat\/es\/blog\/diario-de-viaje-pirinexus-parte-2\/#primaryimage"},"thumbnailUrl":"http:\/\/www.viesverdes.cat\/wp-content\/uploads\/2025\/04\/Portada-diari-Pirinexus-part-2.jpg","datePublished":"2025-04-11T07:07:42+00:00","dateModified":"2025-04-11T07:07:51+00:00","description":"Descubre la segunda parte del diario de viaje por la Pirinexus: de Ceret a Girona en bici. Un relato lleno de paisajes, historia, consejos \u00fatiles y momentos \u00fanicos entre el Pirineo y la Costa Brava. Una experiencia inolvidable de cicloturismo en las comarcas gerundenses.","breadcrumb":{"@id":"https:\/\/www.viesverdes.cat\/es\/blog\/diario-de-viaje-pirinexus-parte-2\/#breadcrumb"},"inLanguage":"es","potentialAction":[{"@type":"ReadAction","target":["https:\/\/www.viesverdes.cat\/es\/blog\/diario-de-viaje-pirinexus-parte-2\/"]}]},{"@type":"ImageObject","inLanguage":"es","@id":"https:\/\/www.viesverdes.cat\/es\/blog\/diario-de-viaje-pirinexus-parte-2\/#primaryimage","url":"http:\/\/www.viesverdes.cat\/wp-content\/uploads\/2025\/04\/Portada-diari-Pirinexus-part-2.jpg","contentUrl":"http:\/\/www.viesverdes.cat\/wp-content\/uploads\/2025\/04\/Portada-diari-Pirinexus-part-2.jpg"},{"@type":"BreadcrumbList","@id":"https:\/\/www.viesverdes.cat\/es\/blog\/diario-de-viaje-pirinexus-parte-2\/#breadcrumb","itemListElement":[{"@type":"ListItem","position":1,"name":"Inici","item":"https:\/\/www.viesverdes.cat\/"},{"@type":"ListItem","position":2,"name":"Diario de viaje: Pirinexus (2\/2)"}]},{"@type":"WebSite","@id":"https:\/\/www.viesverdes.cat\/#website","url":"https:\/\/www.viesverdes.cat\/","name":"Vies Verdes i Pirinexus","description":"","publisher":{"@id":"https:\/\/www.viesverdes.cat\/#organization"},"potentialAction":[{"@type":"SearchAction","target":{"@type":"EntryPoint","urlTemplate":"https:\/\/www.viesverdes.cat\/?s={search_term_string}"},"query-input":"required name=search_term_string"}],"inLanguage":"es"},{"@type":"Organization","@id":"https:\/\/www.viesverdes.cat\/#organization","name":"Consorci de les Vies Verdes de Girona","url":"https:\/\/www.viesverdes.cat\/","logo":{"@type":"ImageObject","inLanguage":"es","@id":"https:\/\/www.viesverdes.cat\/#\/schema\/logo\/image\/","url":"https:\/\/www.viesverdes.cat\/wp-content\/uploads\/2023\/04\/Logo-Consorci-Vies-Verdes-color-1-e1682501524240.png","contentUrl":"https:\/\/www.viesverdes.cat\/wp-content\/uploads\/2023\/04\/Logo-Consorci-Vies-Verdes-color-1-e1682501524240.png","width":350,"height":41,"caption":"Consorci de les Vies Verdes de Girona"},"image":{"@id":"https:\/\/www.viesverdes.cat\/#\/schema\/logo\/image\/"},"sameAs":["https:\/\/www.facebook.com\/viesverdesgirona","https:\/\/twitter.com\/viesverdesgi","https:\/\/www.youtube.com\/viesverdesgi","https:\/\/www.instagram.com\/viesverdesgi\/"]}]}},"_links":{"self":[{"href":"https:\/\/www.viesverdes.cat\/es\/wp-json\/wp\/v2\/actualitat_nou\/27715"}],"collection":[{"href":"https:\/\/www.viesverdes.cat\/es\/wp-json\/wp\/v2\/actualitat_nou"}],"about":[{"href":"https:\/\/www.viesverdes.cat\/es\/wp-json\/wp\/v2\/types\/actualitat_nou"}],"version-history":[{"count":22,"href":"https:\/\/www.viesverdes.cat\/es\/wp-json\/wp\/v2\/actualitat_nou\/27715\/revisions"}],"predecessor-version":[{"id":27752,"href":"https:\/\/www.viesverdes.cat\/es\/wp-json\/wp\/v2\/actualitat_nou\/27715\/revisions\/27752"}],"wp:attachment":[{"href":"https:\/\/www.viesverdes.cat\/es\/wp-json\/wp\/v2\/media?parent=27715"}],"curies":[{"name":"wp","href":"https:\/\/api.w.org\/{rel}","templated":true}]}}