{"id":29559,"date":"2025-12-04T10:27:35","date_gmt":"2025-12-04T09:27:35","guid":{"rendered":"https:\/\/www.viesverdes.cat\/?post_type=actualitat_nou&#038;p=29559"},"modified":"2025-12-04T10:44:41","modified_gmt":"2025-12-04T09:44:41","slug":"pirinexus-en-bicicleta-testimonios-de-4-cicloviajeras-que-te-inspiraran-a-recorrerla","status":"publish","type":"actualitat_nou","link":"https:\/\/www.viesverdes.cat\/es\/blog\/pirinexus-en-bicicleta-testimonios-de-4-cicloviajeras-que-te-inspiraran-a-recorrerla\/","title":{"rendered":"Pirinexus en bicicleta: Testimonios de 4 cicloviajeras que te inspirar\u00e1n a recorrerla"},"content":{"rendered":"\t\t<div data-elementor-type=\"wp-post\" data-elementor-id=\"29559\" class=\"elementor elementor-29559 elementor-29558\">\n\t\t\t\t\t\t\t\t\t<section class=\"elementor-section elementor-top-section elementor-element elementor-element-16b24fbb elementor-section-full_width elementor-section-height-default elementor-section-height-default\" data-id=\"16b24fbb\" data-element_type=\"section\">\n\t\t\t\t\t\t<div class=\"elementor-container elementor-column-gap-default\">\n\t\t\t\t\t<div class=\"elementor-column elementor-col-100 elementor-top-column elementor-element elementor-element-5e41ce49\" data-id=\"5e41ce49\" data-element_type=\"column\">\n\t\t\t<div class=\"elementor-widget-wrap elementor-element-populated\">\n\t\t\t\t\t\t\t\t<div class=\"elementor-element elementor-element-524bd3df elementor-hidden-mobile elementor-widget elementor-widget-image\" data-id=\"524bd3df\" data-element_type=\"widget\" data-widget_type=\"image.default\">\n\t\t\t\t<div class=\"elementor-widget-container\">\n\t\t\t<style>\/*! elementor - v3.15.0 - 31-07-2023 *\/\n.elementor-widget-image{text-align:center}.elementor-widget-image a{display:inline-block}.elementor-widget-image a img[src$=\".svg\"]{width:48px}.elementor-widget-image img{vertical-align:middle;display:inline-block}<\/style>\t\t\t\t\t\t\t\t\t\t\t\t<img loading=\"lazy\" decoding=\"async\" width=\"1179\" height=\"884\" src=\"https:\/\/www.viesverdes.cat\/wp-content\/uploads\/2025\/12\/5_creditos-LailaLaquis-e1764770511745.jpg\" class=\"attachment-full size-full wp-image-29544\" alt=\"Laila Laquis, Cicloviatgera a la ruta Pirinexus\" \/>\t\t\t\t\t\t\t\t\t\t\t\t\t\t\t<\/div>\n\t\t\t\t<\/div>\n\t\t\t\t\t<\/div>\n\t\t<\/div>\n\t\t\t\t\t\t\t<\/div>\n\t\t<\/section>\n\t\t\t\t<section class=\"elementor-section elementor-top-section elementor-element elementor-element-16cce1b6 elementor-section-boxed elementor-section-height-default elementor-section-height-default\" data-id=\"16cce1b6\" data-element_type=\"section\">\n\t\t\t\t\t\t<div class=\"elementor-container elementor-column-gap-default\">\n\t\t\t\t\t<div class=\"elementor-column elementor-col-100 elementor-top-column elementor-element elementor-element-1a6b6f87\" data-id=\"1a6b6f87\" data-element_type=\"column\">\n\t\t\t<div class=\"elementor-widget-wrap elementor-element-populated\">\n\t\t\t\t\t\t\t\t<div class=\"elementor-element elementor-element-5583e185 elementor-hidden-desktop elementor-hidden-tablet elementor-widget elementor-widget-image\" data-id=\"5583e185\" data-element_type=\"widget\" data-widget_type=\"image.default\">\n\t\t\t\t<div class=\"elementor-widget-container\">\n\t\t\t\t\t\t\t\t\t\t\t\t\t\t\t<img loading=\"lazy\" decoding=\"async\" width=\"1500\" height=\"1125\" src=\"https:\/\/www.viesverdes.cat\/wp-content\/uploads\/2025\/10\/Pasaporte-Caminos-Naturales-i-Vias-Verdes-de-Espana-mobil.jpg\" class=\"attachment-full size-full wp-image-29176\" alt=\"\" srcset=\"https:\/\/www.viesverdes.cat\/wp-content\/uploads\/2025\/10\/Pasaporte-Caminos-Naturales-i-Vias-Verdes-de-Espana-mobil.jpg 1500w, https:\/\/www.viesverdes.cat\/wp-content\/uploads\/2025\/10\/Pasaporte-Caminos-Naturales-i-Vias-Verdes-de-Espana-mobil-300x225.jpg 300w, https:\/\/www.viesverdes.cat\/wp-content\/uploads\/2025\/10\/Pasaporte-Caminos-Naturales-i-Vias-Verdes-de-Espana-mobil-768x576.jpg 768w, https:\/\/www.viesverdes.cat\/wp-content\/uploads\/2025\/10\/Pasaporte-Caminos-Naturales-i-Vias-Verdes-de-Espana-mobil-1024x768.jpg 1024w\" sizes=\"(max-width: 1500px) 100vw, 1500px\" \/>\t\t\t\t\t\t\t\t\t\t\t\t\t\t\t<\/div>\n\t\t\t\t<\/div>\n\t\t\t\t\t<\/div>\n\t\t<\/div>\n\t\t\t\t\t\t\t<\/div>\n\t\t<\/section>\n\t\t\t\t<section class=\"elementor-section elementor-top-section elementor-element elementor-element-4e4e86b9 elementor-hidden-mobile elementor-section-boxed elementor-section-height-default elementor-section-height-default\" data-id=\"4e4e86b9\" data-element_type=\"section\">\n\t\t\t\t\t\t<div class=\"elementor-container elementor-column-gap-default\">\n\t\t\t\t\t<div class=\"elementor-column elementor-col-50 elementor-top-column elementor-element elementor-element-c0a20ac\" data-id=\"c0a20ac\" data-element_type=\"column\">\n\t\t\t<div class=\"elementor-widget-wrap elementor-element-populated\">\n\t\t\t\t\t\t\t\t<section class=\"elementor-section elementor-inner-section elementor-element elementor-element-1461ce40 elementor-section-boxed elementor-section-height-default elementor-section-height-default\" data-id=\"1461ce40\" data-element_type=\"section\">\n\t\t\t\t\t\t<div class=\"elementor-container elementor-column-gap-default\">\n\t\t\t\t\t<div class=\"elementor-column elementor-col-50 elementor-inner-column elementor-element elementor-element-619aa964\" data-id=\"619aa964\" data-element_type=\"column\">\n\t\t\t<div class=\"elementor-widget-wrap elementor-element-populated\">\n\t\t\t\t\t\t\t\t<div class=\"elementor-element elementor-element-623d7ed6 elementor-widget elementor-widget-image\" data-id=\"623d7ed6\" data-element_type=\"widget\" data-widget_type=\"image.default\">\n\t\t\t\t<div class=\"elementor-widget-container\">\n\t\t\t\t\t\t\t\t\t\t\t\t\t\t\t<img loading=\"lazy\" decoding=\"async\" width=\"87\" height=\"87\" src=\"https:\/\/www.viesverdes.cat\/wp-content\/uploads\/2025\/05\/Avatar-Ecovies-87x87.jpg\" class=\"attachment-mini size-mini wp-image-27860\" alt=\"Avatar Ecovies\" srcset=\"https:\/\/www.viesverdes.cat\/wp-content\/uploads\/2025\/05\/Avatar-Ecovies-87x87.jpg 87w, https:\/\/www.viesverdes.cat\/wp-content\/uploads\/2025\/05\/Avatar-Ecovies-150x150.jpg 150w, https:\/\/www.viesverdes.cat\/wp-content\/uploads\/2025\/05\/Avatar-Ecovies-300x300.jpg 300w, https:\/\/www.viesverdes.cat\/wp-content\/uploads\/2025\/05\/Avatar-Ecovies.jpg 500w\" sizes=\"(max-width: 87px) 100vw, 87px\" \/>\t\t\t\t\t\t\t\t\t\t\t\t\t\t\t<\/div>\n\t\t\t\t<\/div>\n\t\t\t\t\t<\/div>\n\t\t<\/div>\n\t\t\t\t<div class=\"elementor-column elementor-col-50 elementor-inner-column elementor-element elementor-element-2198b861\" data-id=\"2198b861\" data-element_type=\"column\">\n\t\t\t<div class=\"elementor-widget-wrap elementor-element-populated\">\n\t\t\t\t\t\t\t\t<div class=\"elementor-element elementor-element-3e8c7bb7 elementor-widget__width-initial elementor-widget elementor-widget-text-editor\" data-id=\"3e8c7bb7\" data-element_type=\"widget\" data-widget_type=\"text-editor.default\">\n\t\t\t\t<div class=\"elementor-widget-container\">\n\t\t\t<style>\/*! elementor - v3.15.0 - 31-07-2023 *\/\n.elementor-widget-text-editor.elementor-drop-cap-view-stacked .elementor-drop-cap{background-color:#69727d;color:#fff}.elementor-widget-text-editor.elementor-drop-cap-view-framed .elementor-drop-cap{color:#69727d;border:3px solid;background-color:transparent}.elementor-widget-text-editor:not(.elementor-drop-cap-view-default) .elementor-drop-cap{margin-top:8px}.elementor-widget-text-editor:not(.elementor-drop-cap-view-default) .elementor-drop-cap-letter{width:1em;height:1em}.elementor-widget-text-editor .elementor-drop-cap{float:left;text-align:center;line-height:1;font-size:50px}.elementor-widget-text-editor .elementor-drop-cap-letter{display:inline-block}<\/style>\t\t\t\t<p>Autor:<b> CVVGi<\/b><\/p><p>04\/12\/2025<\/p>\t\t\t\t\t\t<\/div>\n\t\t\t\t<\/div>\n\t\t\t\t\t<\/div>\n\t\t<\/div>\n\t\t\t\t\t\t\t<\/div>\n\t\t<\/section>\n\t\t\t\t\t<\/div>\n\t\t<\/div>\n\t\t\t\t<div class=\"elementor-column elementor-col-50 elementor-top-column elementor-element elementor-element-114c55c9\" data-id=\"114c55c9\" data-element_type=\"column\">\n\t\t\t<div class=\"elementor-widget-wrap elementor-element-populated\">\n\t\t\t\t\t\t\t\t<div class=\"elementor-element elementor-element-4c4ea748 elementor-shape-circle e-grid-align-right elementor-grid-0 elementor-widget elementor-widget-social-icons\" data-id=\"4c4ea748\" data-element_type=\"widget\" data-widget_type=\"social-icons.default\">\n\t\t\t\t<div class=\"elementor-widget-container\">\n\t\t\t<style>\/*! elementor - v3.15.0 - 31-07-2023 *\/\n.elementor-widget-social-icons.elementor-grid-0 .elementor-widget-container,.elementor-widget-social-icons.elementor-grid-mobile-0 .elementor-widget-container,.elementor-widget-social-icons.elementor-grid-tablet-0 .elementor-widget-container{line-height:1;font-size:0}.elementor-widget-social-icons:not(.elementor-grid-0):not(.elementor-grid-tablet-0):not(.elementor-grid-mobile-0) .elementor-grid{display:inline-grid}.elementor-widget-social-icons .elementor-grid{grid-column-gap:var(--grid-column-gap,5px);grid-row-gap:var(--grid-row-gap,5px);grid-template-columns:var(--grid-template-columns);justify-content:var(--justify-content,center);justify-items:var(--justify-content,center)}.elementor-icon.elementor-social-icon{font-size:var(--icon-size,25px);line-height:var(--icon-size,25px);width:calc(var(--icon-size, 25px) + (2 * var(--icon-padding, .5em)));height:calc(var(--icon-size, 25px) + (2 * var(--icon-padding, .5em)))}.elementor-social-icon{--e-social-icon-icon-color:#fff;display:inline-flex;background-color:#69727d;align-items:center;justify-content:center;text-align:center;cursor:pointer}.elementor-social-icon i{color:var(--e-social-icon-icon-color)}.elementor-social-icon svg{fill:var(--e-social-icon-icon-color)}.elementor-social-icon:last-child{margin:0}.elementor-social-icon:hover{opacity:.9;color:#fff}.elementor-social-icon-android{background-color:#a4c639}.elementor-social-icon-apple{background-color:#999}.elementor-social-icon-behance{background-color:#1769ff}.elementor-social-icon-bitbucket{background-color:#205081}.elementor-social-icon-codepen{background-color:#000}.elementor-social-icon-delicious{background-color:#39f}.elementor-social-icon-deviantart{background-color:#05cc47}.elementor-social-icon-digg{background-color:#005be2}.elementor-social-icon-dribbble{background-color:#ea4c89}.elementor-social-icon-elementor{background-color:#d30c5c}.elementor-social-icon-envelope{background-color:#ea4335}.elementor-social-icon-facebook,.elementor-social-icon-facebook-f{background-color:#3b5998}.elementor-social-icon-flickr{background-color:#0063dc}.elementor-social-icon-foursquare{background-color:#2d5be3}.elementor-social-icon-free-code-camp,.elementor-social-icon-freecodecamp{background-color:#006400}.elementor-social-icon-github{background-color:#333}.elementor-social-icon-gitlab{background-color:#e24329}.elementor-social-icon-globe{background-color:#69727d}.elementor-social-icon-google-plus,.elementor-social-icon-google-plus-g{background-color:#dd4b39}.elementor-social-icon-houzz{background-color:#7ac142}.elementor-social-icon-instagram{background-color:#262626}.elementor-social-icon-jsfiddle{background-color:#487aa2}.elementor-social-icon-link{background-color:#818a91}.elementor-social-icon-linkedin,.elementor-social-icon-linkedin-in{background-color:#0077b5}.elementor-social-icon-medium{background-color:#00ab6b}.elementor-social-icon-meetup{background-color:#ec1c40}.elementor-social-icon-mixcloud{background-color:#273a4b}.elementor-social-icon-odnoklassniki{background-color:#f4731c}.elementor-social-icon-pinterest{background-color:#bd081c}.elementor-social-icon-product-hunt{background-color:#da552f}.elementor-social-icon-reddit{background-color:#ff4500}.elementor-social-icon-rss{background-color:#f26522}.elementor-social-icon-shopping-cart{background-color:#4caf50}.elementor-social-icon-skype{background-color:#00aff0}.elementor-social-icon-slideshare{background-color:#0077b5}.elementor-social-icon-snapchat{background-color:#fffc00}.elementor-social-icon-soundcloud{background-color:#f80}.elementor-social-icon-spotify{background-color:#2ebd59}.elementor-social-icon-stack-overflow{background-color:#fe7a15}.elementor-social-icon-steam{background-color:#00adee}.elementor-social-icon-stumbleupon{background-color:#eb4924}.elementor-social-icon-telegram{background-color:#2ca5e0}.elementor-social-icon-thumb-tack{background-color:#1aa1d8}.elementor-social-icon-tripadvisor{background-color:#589442}.elementor-social-icon-tumblr{background-color:#35465c}.elementor-social-icon-twitch{background-color:#6441a5}.elementor-social-icon-twitter{background-color:#1da1f2}.elementor-social-icon-viber{background-color:#665cac}.elementor-social-icon-vimeo{background-color:#1ab7ea}.elementor-social-icon-vk{background-color:#45668e}.elementor-social-icon-weibo{background-color:#dd2430}.elementor-social-icon-weixin{background-color:#31a918}.elementor-social-icon-whatsapp{background-color:#25d366}.elementor-social-icon-wordpress{background-color:#21759b}.elementor-social-icon-xing{background-color:#026466}.elementor-social-icon-yelp{background-color:#af0606}.elementor-social-icon-youtube{background-color:#cd201f}.elementor-social-icon-500px{background-color:#0099e5}.elementor-shape-rounded .elementor-icon.elementor-social-icon{border-radius:10%}.elementor-shape-circle .elementor-icon.elementor-social-icon{border-radius:50%}<\/style>\t\t<div class=\"elementor-social-icons-wrapper elementor-grid\">\n\t\t\t\t\t\t\t<span class=\"elementor-grid-item\">\n\t\t\t\t\t<a class=\"elementor-icon elementor-social-icon elementor-social-icon-instagram elementor-animation-grow elementor-repeater-item-98a56ae\" href=\"https:\/\/www.instagram.com\/ecoviesgi\/\" target=\"_blank\">\n\t\t\t\t\t\t<span class=\"elementor-screen-only\">Instagram<\/span>\n\t\t\t\t\t\t<i class=\"fab fa-instagram\"><\/i>\t\t\t\t\t<\/a>\n\t\t\t\t<\/span>\n\t\t\t\t\t\t\t<span class=\"elementor-grid-item\">\n\t\t\t\t\t<a class=\"elementor-icon elementor-social-icon elementor-social-icon-twitter elementor-animation-grow elementor-repeater-item-5f49ee4\" href=\"https:\/\/www.x.com\/ecoviesgi\" target=\"_blank\">\n\t\t\t\t\t\t<span class=\"elementor-screen-only\">Twitter<\/span>\n\t\t\t\t\t\t<i class=\"fab fa-twitter\"><\/i>\t\t\t\t\t<\/a>\n\t\t\t\t<\/span>\n\t\t\t\t\t\t\t<span class=\"elementor-grid-item\">\n\t\t\t\t\t<a class=\"elementor-icon elementor-social-icon elementor-social-icon-facebook elementor-animation-grow elementor-repeater-item-9c2cbf4\" href=\"https:\/\/www.facebook.com\/ecoviesgi\/\" target=\"_blank\">\n\t\t\t\t\t\t<span class=\"elementor-screen-only\">Facebook<\/span>\n\t\t\t\t\t\t<i class=\"fab fa-facebook\"><\/i>\t\t\t\t\t<\/a>\n\t\t\t\t<\/span>\n\t\t\t\t\t\t\t<span class=\"elementor-grid-item\">\n\t\t\t\t\t<a class=\"elementor-icon elementor-social-icon elementor-social-icon-youtube elementor-animation-grow elementor-repeater-item-4c97667\" href=\"https:\/\/www.youtube.com\/@ecoviesgi\" target=\"_blank\">\n\t\t\t\t\t\t<span class=\"elementor-screen-only\">Youtube<\/span>\n\t\t\t\t\t\t<i class=\"fab fa-youtube\"><\/i>\t\t\t\t\t<\/a>\n\t\t\t\t<\/span>\n\t\t\t\t\t<\/div>\n\t\t\t\t<\/div>\n\t\t\t\t<\/div>\n\t\t\t\t\t<\/div>\n\t\t<\/div>\n\t\t\t\t\t\t\t<\/div>\n\t\t<\/section>\n\t\t\t\t<section class=\"elementor-section elementor-top-section elementor-element elementor-element-680ba7f elementor-section-boxed elementor-section-height-default elementor-section-height-default\" data-id=\"680ba7f\" data-element_type=\"section\">\n\t\t\t\t\t\t<div class=\"elementor-container elementor-column-gap-default\">\n\t\t\t\t\t<div class=\"elementor-column elementor-col-100 elementor-top-column elementor-element elementor-element-7b1ebbee\" data-id=\"7b1ebbee\" data-element_type=\"column\">\n\t\t\t<div class=\"elementor-widget-wrap elementor-element-populated\">\n\t\t\t\t\t\t\t\t<div class=\"elementor-element elementor-element-4509fc02 elementor-widget elementor-widget-heading\" data-id=\"4509fc02\" data-element_type=\"widget\" data-widget_type=\"heading.default\">\n\t\t\t\t<div class=\"elementor-widget-container\">\n\t\t\t<style>\/*! elementor - v3.15.0 - 31-07-2023 *\/\n.elementor-heading-title{padding:0;margin:0;line-height:1}.elementor-widget-heading .elementor-heading-title[class*=elementor-size-]>a{color:inherit;font-size:inherit;line-height:inherit}.elementor-widget-heading .elementor-heading-title.elementor-size-small{font-size:15px}.elementor-widget-heading .elementor-heading-title.elementor-size-medium{font-size:19px}.elementor-widget-heading .elementor-heading-title.elementor-size-large{font-size:29px}.elementor-widget-heading .elementor-heading-title.elementor-size-xl{font-size:39px}.elementor-widget-heading .elementor-heading-title.elementor-size-xxl{font-size:59px}<\/style><h1 class=\"elementor-heading-title elementor-size-xl\"><p style=\"margin-top:12.0pt;margin-right:0cm;margin-bottom:\n12.0pt;margin-left:0cm\"><b><span lang=\"es\">Pirinexus\nen bicicleta: Testimonios de 4 cicloviajeras que te inspirar\u00e1n a recorrerla<\/span><\/b><\/p><\/h1>\t\t<\/div>\n\t\t\t\t<\/div>\n\t\t\t\t\t<\/div>\n\t\t<\/div>\n\t\t\t\t\t\t\t<\/div>\n\t\t<\/section>\n\t\t\t\t<section class=\"elementor-section elementor-top-section elementor-element elementor-element-75671a9f elementor-hidden-desktop elementor-hidden-tablet elementor-section-boxed elementor-section-height-default elementor-section-height-default\" data-id=\"75671a9f\" data-element_type=\"section\">\n\t\t\t\t\t\t<div class=\"elementor-container elementor-column-gap-default\">\n\t\t\t\t\t<div class=\"elementor-column elementor-col-50 elementor-top-column elementor-element elementor-element-29c607af\" data-id=\"29c607af\" data-element_type=\"column\">\n\t\t\t<div class=\"elementor-widget-wrap elementor-element-populated\">\n\t\t\t\t\t\t\t\t<div class=\"elementor-element elementor-element-3e044b9 elementor-widget elementor-widget-text-editor\" data-id=\"3e044b9\" data-element_type=\"widget\" data-widget_type=\"text-editor.default\">\n\t\t\t\t<div class=\"elementor-widget-container\">\n\t\t\t\t\t\t\t<p style=\"text-align: left;\">Autor:<b> CVVGi<\/b><\/p><p style=\"text-align: left;\">24\/10\/2025<\/p>\t\t\t\t\t\t<\/div>\n\t\t\t\t<\/div>\n\t\t\t\t\t<\/div>\n\t\t<\/div>\n\t\t\t\t<div class=\"elementor-column elementor-col-50 elementor-top-column elementor-element elementor-element-42ed466f\" data-id=\"42ed466f\" data-element_type=\"column\">\n\t\t\t<div class=\"elementor-widget-wrap elementor-element-populated\">\n\t\t\t\t\t\t\t\t<div class=\"elementor-element elementor-element-15c2f01b elementor-shape-circle e-grid-align-mobile-left elementor-grid-0 e-grid-align-center elementor-widget elementor-widget-social-icons\" data-id=\"15c2f01b\" data-element_type=\"widget\" data-widget_type=\"social-icons.default\">\n\t\t\t\t<div class=\"elementor-widget-container\">\n\t\t\t\t\t<div class=\"elementor-social-icons-wrapper elementor-grid\">\n\t\t\t\t\t\t\t<span class=\"elementor-grid-item\">\n\t\t\t\t\t<a class=\"elementor-icon elementor-social-icon elementor-social-icon-instagram elementor-repeater-item-e0d2285\" href=\"https:\/\/www.instagram.com\/ecoviesgi\/\" target=\"_blank\">\n\t\t\t\t\t\t<span class=\"elementor-screen-only\">Instagram<\/span>\n\t\t\t\t\t\t<i class=\"fab fa-instagram\"><\/i>\t\t\t\t\t<\/a>\n\t\t\t\t<\/span>\n\t\t\t\t\t\t\t<span class=\"elementor-grid-item\">\n\t\t\t\t\t<a class=\"elementor-icon elementor-social-icon elementor-social-icon-twitter elementor-repeater-item-6f25344\" href=\"https:\/\/x.com\/ecoviesgi\/\" target=\"_blank\">\n\t\t\t\t\t\t<span class=\"elementor-screen-only\">Twitter<\/span>\n\t\t\t\t\t\t<i class=\"fab fa-twitter\"><\/i>\t\t\t\t\t<\/a>\n\t\t\t\t<\/span>\n\t\t\t\t\t\t\t<span class=\"elementor-grid-item\">\n\t\t\t\t\t<a class=\"elementor-icon elementor-social-icon elementor-social-icon-facebook elementor-repeater-item-997ecd1\" href=\"https:\/\/www.facebook.com\/ecoviesgi\" target=\"_blank\">\n\t\t\t\t\t\t<span class=\"elementor-screen-only\">Facebook<\/span>\n\t\t\t\t\t\t<i class=\"fab fa-facebook\"><\/i>\t\t\t\t\t<\/a>\n\t\t\t\t<\/span>\n\t\t\t\t\t\t\t<span class=\"elementor-grid-item\">\n\t\t\t\t\t<a class=\"elementor-icon elementor-social-icon elementor-social-icon-youtube elementor-repeater-item-6af3074\" href=\"https:\/\/www.youtube.com\/@ecoviesgi\/\" target=\"_blank\">\n\t\t\t\t\t\t<span class=\"elementor-screen-only\">Youtube<\/span>\n\t\t\t\t\t\t<i class=\"fab fa-youtube\"><\/i>\t\t\t\t\t<\/a>\n\t\t\t\t<\/span>\n\t\t\t\t\t<\/div>\n\t\t\t\t<\/div>\n\t\t\t\t<\/div>\n\t\t\t\t\t<\/div>\n\t\t<\/div>\n\t\t\t\t\t\t\t<\/div>\n\t\t<\/section>\n\t\t\t\t<section class=\"elementor-section elementor-top-section elementor-element elementor-element-691a6fd8 elementor-section-boxed elementor-section-height-default elementor-section-height-default\" data-id=\"691a6fd8\" data-element_type=\"section\">\n\t\t\t\t\t\t<div class=\"elementor-container elementor-column-gap-default\">\n\t\t\t\t\t<div class=\"elementor-column elementor-col-100 elementor-top-column elementor-element elementor-element-5950caaa\" data-id=\"5950caaa\" data-element_type=\"column\">\n\t\t\t<div class=\"elementor-widget-wrap elementor-element-populated\">\n\t\t\t\t\t\t\t\t<div class=\"elementor-element elementor-element-33ed6a73 elementor-widget elementor-widget-spacer\" data-id=\"33ed6a73\" data-element_type=\"widget\" data-widget_type=\"spacer.default\">\n\t\t\t\t<div class=\"elementor-widget-container\">\n\t\t\t<style>\/*! elementor - v3.15.0 - 31-07-2023 *\/\n.elementor-column .elementor-spacer-inner{height:var(--spacer-size)}.e-con{--container-widget-width:100%}.e-con-inner>.elementor-widget-spacer,.e-con>.elementor-widget-spacer{width:var(--container-widget-width,var(--spacer-size));--align-self:var(--container-widget-align-self,initial);--flex-shrink:0}.e-con-inner>.elementor-widget-spacer>.elementor-widget-container,.e-con-inner>.elementor-widget-spacer>.elementor-widget-container>.elementor-spacer,.e-con>.elementor-widget-spacer>.elementor-widget-container,.e-con>.elementor-widget-spacer>.elementor-widget-container>.elementor-spacer{height:100%}.e-con-inner>.elementor-widget-spacer>.elementor-widget-container>.elementor-spacer>.elementor-spacer-inner,.e-con>.elementor-widget-spacer>.elementor-widget-container>.elementor-spacer>.elementor-spacer-inner{height:var(--container-widget-height,var(--spacer-size))}<\/style>\t\t<div class=\"elementor-spacer\">\n\t\t\t<div class=\"elementor-spacer-inner\"><\/div>\n\t\t<\/div>\n\t\t\t\t<\/div>\n\t\t\t\t<\/div>\n\t\t\t\t\t<\/div>\n\t\t<\/div>\n\t\t\t\t\t\t\t<\/div>\n\t\t<\/section>\n\t\t\t\t<section class=\"elementor-section elementor-top-section elementor-element elementor-element-20b7878b elementor-section-boxed elementor-section-height-default elementor-section-height-default\" data-id=\"20b7878b\" data-element_type=\"section\">\n\t\t\t\t\t\t<div class=\"elementor-container elementor-column-gap-default\">\n\t\t\t\t\t<div class=\"elementor-column elementor-col-100 elementor-top-column elementor-element elementor-element-2ebb0a31\" data-id=\"2ebb0a31\" data-element_type=\"column\">\n\t\t\t<div class=\"elementor-widget-wrap elementor-element-populated\">\n\t\t\t\t\t\t\t\t<div class=\"elementor-element elementor-element-20289699 elementor-widget__width-initial elementor-widget elementor-widget-text-editor\" data-id=\"20289699\" data-element_type=\"widget\" data-widget_type=\"text-editor.default\">\n\t\t\t\t<div class=\"elementor-widget-container\">\n\t\t\t\t\t\t\t<p>La Pirinexus es una ruta ciclotur\u00edstica de 340 km entre Catalu\u00f1a y Francia, ideal para principiantes y amantes de la aventura.<\/p>\t\t\t\t\t\t<\/div>\n\t\t\t\t<\/div>\n\t\t\t\t\t<\/div>\n\t\t<\/div>\n\t\t\t\t\t\t\t<\/div>\n\t\t<\/section>\n\t\t\t\t<section class=\"elementor-section elementor-top-section elementor-element elementor-element-23b12fc1 elementor-section-boxed elementor-section-height-default elementor-section-height-default\" data-id=\"23b12fc1\" data-element_type=\"section\">\n\t\t\t\t\t\t<div class=\"elementor-container elementor-column-gap-default\">\n\t\t\t\t\t<div class=\"elementor-column elementor-col-100 elementor-top-column elementor-element elementor-element-60b9d013\" data-id=\"60b9d013\" data-element_type=\"column\">\n\t\t\t<div class=\"elementor-widget-wrap elementor-element-populated\">\n\t\t\t\t\t\t\t\t<div class=\"elementor-element elementor-element-4fc913df elementor-widget__width-initial elementor-widget elementor-widget-text-editor\" data-id=\"4fc913df\" data-element_type=\"widget\" data-widget_type=\"text-editor.default\">\n\t\t\t\t<div class=\"elementor-widget-container\">\n\t\t\t\t\t\t\t<h4><strong><span style=\"color: #000000;\">Descubre la Pirinexus a trav\u00e9s de los ojos de 4 cicloviajeras<\/span><\/strong><\/h4>\t\t\t\t\t\t<\/div>\n\t\t\t\t<\/div>\n\t\t\t\t\t<\/div>\n\t\t<\/div>\n\t\t\t\t\t\t\t<\/div>\n\t\t<\/section>\n\t\t\t\t<section class=\"elementor-section elementor-top-section elementor-element elementor-element-3e8ba349 elementor-section-boxed elementor-section-height-default elementor-section-height-default\" data-id=\"3e8ba349\" data-element_type=\"section\">\n\t\t\t\t\t\t<div class=\"elementor-container elementor-column-gap-default\">\n\t\t\t\t\t<div class=\"elementor-column elementor-col-100 elementor-top-column elementor-element elementor-element-37335fcc\" data-id=\"37335fcc\" data-element_type=\"column\">\n\t\t\t<div class=\"elementor-widget-wrap elementor-element-populated\">\n\t\t\t\t\t\t\t\t<div class=\"elementor-element elementor-element-240a2e37 elementor-widget__width-initial elementor-widget elementor-widget-text-editor\" data-id=\"240a2e37\" data-element_type=\"widget\" data-widget_type=\"text-editor.default\">\n\t\t\t\t<div class=\"elementor-widget-container\">\n\t\t\t\t\t\t\t<p class=\"MsoNormal\" style=\"margin: 12.0pt 0cm 12.0pt 0cm;\"><span lang=\"es\">Si alguna vez has so\u00f1ado con una ruta ciclotur\u00edsta que combine paisajes de ensue\u00f1o, riqueza cultural y la libertad de viajar en bici, la <b>Pirinexus<\/b> es tu pr\u00f3xima parada. En este art\u00edculo te compartimos las experiencias de cuatro mujeres que han recorrido esta ruta circular de <b>340 km<\/b>, situada entre <b>Catalu\u00f1a y el sur de Francia<\/b>, y descubre por qu\u00e9 puede ser una aventura imprescindible.<\/span><\/p>\t\t\t\t\t\t<\/div>\n\t\t\t\t<\/div>\n\t\t\t\t\t<\/div>\n\t\t<\/div>\n\t\t\t\t\t\t\t<\/div>\n\t\t<\/section>\n\t\t\t\t<section class=\"elementor-section elementor-top-section elementor-element elementor-element-2c73371a elementor-section-boxed elementor-section-height-default elementor-section-height-default\" data-id=\"2c73371a\" data-element_type=\"section\">\n\t\t\t\t\t\t<div class=\"elementor-container elementor-column-gap-default\">\n\t\t\t\t\t<div class=\"elementor-column elementor-col-100 elementor-top-column elementor-element elementor-element-3c076fc4\" data-id=\"3c076fc4\" data-element_type=\"column\">\n\t\t\t<div class=\"elementor-widget-wrap elementor-element-populated\">\n\t\t\t\t\t\t\t\t<div class=\"elementor-element elementor-element-343ee4f0 elementor-widget__width-initial elementor-widget elementor-widget-text-editor\" data-id=\"343ee4f0\" data-element_type=\"widget\" data-widget_type=\"text-editor.default\">\n\t\t\t\t<div class=\"elementor-widget-container\">\n\t\t\t\t\t\t\t<h4><strong><span style=\"color: #000000;\">Cecilia: Una mezcla de paisajes y libertad<\/span><\/strong><\/h4>\t\t\t\t\t\t<\/div>\n\t\t\t\t<\/div>\n\t\t\t\t\t<\/div>\n\t\t<\/div>\n\t\t\t\t\t\t\t<\/div>\n\t\t<\/section>\n\t\t\t\t<section class=\"elementor-section elementor-top-section elementor-element elementor-element-73a19804 elementor-section-boxed elementor-section-height-default elementor-section-height-default\" data-id=\"73a19804\" data-element_type=\"section\">\n\t\t\t\t\t\t<div class=\"elementor-container elementor-column-gap-default\">\n\t\t\t\t\t<div class=\"elementor-column elementor-col-100 elementor-top-column elementor-element elementor-element-652e0270\" data-id=\"652e0270\" data-element_type=\"column\">\n\t\t\t<div class=\"elementor-widget-wrap elementor-element-populated\">\n\t\t\t\t\t\t\t\t<div class=\"elementor-element elementor-element-4864b33f elementor-widget__width-initial elementor-widget elementor-widget-text-editor\" data-id=\"4864b33f\" data-element_type=\"widget\" data-widget_type=\"text-editor.default\">\n\t\t\t\t<div class=\"elementor-widget-container\">\n\t\t\t\t\t\t\t<p class=\"MsoNormal\" style=\"margin: 12.0pt 0cm 12.0pt 0cm;\"><span lang=\"es\">Cecilia, de 36 a\u00f1os y originaria de Coru\u00f1a, hizo la Pirinexus en agosto de 2020 junto a su pareja y su cu\u00f1ado. Equipados con alforjas, combinaron campings, albergues y hoteles para completar su aventura. Lo que m\u00e1s la cautiv\u00f3 fue la <b>primera parte del recorrido<\/b>, desde Girona hacia Olot, con su frondosa vegetaci\u00f3n que alivia el calor y el encanto del albergue de Sant Joan de les Abadesses, una antigua estaci\u00f3n de tren.<\/span><\/p><p class=\"MsoNormal\" style=\"margin: 12.0pt 0cm 12.0pt 0cm;\"><span lang=\"es\">Para Cecilia, lo mejor de la Pirinexus es la <b>variedad de paisajes<\/b>: playas, monta\u00f1as y el contraste entre las zonas h\u00famedas y secas. Adem\u00e1s, la ruta es ideal para quienes buscan flexibilidad, gracias a la facilidad para encontrar alojamiento y la posibilidad de desviarse para explorar entre sus secretos de las vies verdes.\u00a0<\/span>\u201c<strong>Recomendar\u00eda esta ruta a cualquier mujer que se inicia en el cicloturismo. Est\u00e1 bien se\u00f1alizada, es mayormente llana, y al ser circular, la log\u00edstica es sencilla. Girona, como punto de partida, est\u00e1 muy bien conectada<\/strong>\u201d, asegura Cecilia.<\/p>\t\t\t\t\t\t<\/div>\n\t\t\t\t<\/div>\n\t\t\t\t\t<\/div>\n\t\t<\/div>\n\t\t\t\t\t\t\t<\/div>\n\t\t<\/section>\n\t\t\t\t<section class=\"elementor-section elementor-top-section elementor-element elementor-element-11b3f898 elementor-section-boxed elementor-section-height-default elementor-section-height-default\" data-id=\"11b3f898\" data-element_type=\"section\">\n\t\t\t\t\t\t<div class=\"elementor-container elementor-column-gap-default\">\n\t\t\t\t\t<div class=\"elementor-column elementor-col-100 elementor-top-column elementor-element elementor-element-55a90f22\" data-id=\"55a90f22\" data-element_type=\"column\">\n\t\t\t<div class=\"elementor-widget-wrap elementor-element-populated\">\n\t\t\t\t\t\t\t\t<div class=\"elementor-element elementor-element-54aad376 elementor-widget elementor-widget-image\" data-id=\"54aad376\" data-element_type=\"widget\" data-widget_type=\"image.default\">\n\t\t\t\t<div class=\"elementor-widget-container\">\n\t\t\t\t\t\t\t\t\t\t\t\t<figure class=\"wp-caption\">\n\t\t\t\t\t\t\t\t\t\t<img loading=\"lazy\" decoding=\"async\" width=\"1900\" height=\"1068\" src=\"https:\/\/www.viesverdes.cat\/wp-content\/uploads\/2025\/12\/1-2_creditos-Cecilia.jpg\" class=\"attachment-full size-full wp-image-29527\" alt=\"Cecilia, una cicloviatgera a la ruta Pirinexus\" srcset=\"https:\/\/www.viesverdes.cat\/wp-content\/uploads\/2025\/12\/1-2_creditos-Cecilia.jpg 1900w, https:\/\/www.viesverdes.cat\/wp-content\/uploads\/2025\/12\/1-2_creditos-Cecilia-300x169.jpg 300w, https:\/\/www.viesverdes.cat\/wp-content\/uploads\/2025\/12\/1-2_creditos-Cecilia-768x432.jpg 768w, https:\/\/www.viesverdes.cat\/wp-content\/uploads\/2025\/12\/1-2_creditos-Cecilia-1024x576.jpg 1024w, https:\/\/www.viesverdes.cat\/wp-content\/uploads\/2025\/12\/1-2_creditos-Cecilia-1536x863.jpg 1536w\" sizes=\"(max-width: 1900px) 100vw, 1900px\" \/>\t\t\t\t\t\t\t\t\t\t\t<figcaption class=\"widget-image-caption wp-caption-text\">Vista de la ruta Pirinexus. Foto: Cecilia<\/figcaption>\n\t\t\t\t\t\t\t\t\t\t<\/figure>\n\t\t\t\t\t\t\t\t\t<\/div>\n\t\t\t\t<\/div>\n\t\t\t\t\t<\/div>\n\t\t<\/div>\n\t\t\t\t\t\t\t<\/div>\n\t\t<\/section>\n\t\t\t\t<section class=\"elementor-section elementor-top-section elementor-element elementor-element-2e11696 elementor-section-boxed elementor-section-height-default elementor-section-height-default\" data-id=\"2e11696\" data-element_type=\"section\">\n\t\t\t\t\t\t<div class=\"elementor-container elementor-column-gap-default\">\n\t\t\t\t\t<div class=\"elementor-column elementor-col-100 elementor-top-column elementor-element elementor-element-1869e1c\" data-id=\"1869e1c\" data-element_type=\"column\">\n\t\t\t<div class=\"elementor-widget-wrap\">\n\t\t\t\t\t\t\t\t\t<\/div>\n\t\t<\/div>\n\t\t\t\t\t\t\t<\/div>\n\t\t<\/section>\n\t\t\t\t<section class=\"elementor-section elementor-top-section elementor-element elementor-element-6dfa711 elementor-section-boxed elementor-section-height-default elementor-section-height-default\" data-id=\"6dfa711\" data-element_type=\"section\">\n\t\t\t\t\t\t<div class=\"elementor-container elementor-column-gap-default\">\n\t\t\t\t\t<div class=\"elementor-column elementor-col-50 elementor-top-column elementor-element elementor-element-ed7da90\" data-id=\"ed7da90\" data-element_type=\"column\">\n\t\t\t<div class=\"elementor-widget-wrap elementor-element-populated\">\n\t\t\t\t\t\t\t\t<div class=\"elementor-element elementor-element-64364f4 elementor-widget__width-initial elementor-widget elementor-widget-text-editor\" data-id=\"64364f4\" data-element_type=\"widget\" data-widget_type=\"text-editor.default\">\n\t\t\t\t<div class=\"elementor-widget-container\">\n\t\t\t\t\t\t\t<h4><b>M\u00f3nica: Una ruta accesible y encantadora<\/b><\/h4><div><b>\u00a0<\/b><\/div>\t\t\t\t\t\t<\/div>\n\t\t\t\t<\/div>\n\t\t\t\t<div class=\"elementor-element elementor-element-1127adf2 elementor-widget elementor-widget-image\" data-id=\"1127adf2\" data-element_type=\"widget\" data-widget_type=\"image.default\">\n\t\t\t\t<div class=\"elementor-widget-container\">\n\t\t\t\t\t\t\t\t\t\t\t\t<figure class=\"wp-caption\">\n\t\t\t\t\t\t\t\t\t\t<img loading=\"lazy\" decoding=\"async\" width=\"720\" height=\"897\" src=\"https:\/\/www.viesverdes.cat\/wp-content\/uploads\/2025\/12\/2_creditos-MonicaRodriguez-e1764767788878.jpg\" class=\"attachment-full size-full wp-image-29532\" alt=\"M\u00f3nica Rodriguez a la ruta Pirinexus\" \/>\t\t\t\t\t\t\t\t\t\t\t<figcaption class=\"widget-image-caption wp-caption-text\">M\u00f3nica Rodr\u00edguez en la ruta Pirinexus. Foto: M\u00f3nica Rodr\u00edguez<\/figcaption>\n\t\t\t\t\t\t\t\t\t\t<\/figure>\n\t\t\t\t\t\t\t\t\t<\/div>\n\t\t\t\t<\/div>\n\t\t\t\t\t<\/div>\n\t\t<\/div>\n\t\t\t\t<div class=\"elementor-column elementor-col-50 elementor-top-column elementor-element elementor-element-9a0cc7c\" data-id=\"9a0cc7c\" data-element_type=\"column\">\n\t\t\t<div class=\"elementor-widget-wrap elementor-element-populated\">\n\t\t\t\t\t\t\t\t<div class=\"elementor-element elementor-element-25a051a elementor-widget__width-initial elementor-widget elementor-widget-text-editor\" data-id=\"25a051a\" data-element_type=\"widget\" data-widget_type=\"text-editor.default\">\n\t\t\t\t<div class=\"elementor-widget-container\">\n\t\t\t\t\t\t\t<p style=\"margin: 12.0pt 0cm 12.0pt 0cm;\"><span lang=\"es\">M\u00f2nica, de 49 a\u00f1os, complet\u00f3 la Pirinexus en octubre de 2023 junto a una amiga, viajando con alforjas y aloj\u00e1ndose en hostales y apartamentos. Su momento favorito fue cruzar a Francia y llegar al <b>Coll de Panissars<\/b>, una etapa que describe como inolvidable.<\/span><\/p><p style=\"margin: 12.0pt 0cm 12.0pt 0cm;\"><span lang=\"es\">\u201cEs una ruta tranquila, ideal para hacer en tres &#8211; cuatro o seis d\u00edas con calma. Los paisajes var\u00edan entre monta\u00f1a y mar, lo que la hace a\u00fan m\u00e1s especial\u201d, comparte.<\/span><\/p><p>\u00a0<\/p><p style=\"margin: 12.0pt 0cm 12.0pt 0cm;\"><span lang=\"es\">M\u00f2nica la recomienda especialmente a mujeres principiantes: \u201c<b>Es t\u00e9cnicamente f\u00e1cil, est\u00e1 bien se\u00f1alizada, y los lugares por los que pasas son muy acogedores\u201d.<\/b><\/span><\/p>\t\t\t\t\t\t<\/div>\n\t\t\t\t<\/div>\n\t\t\t\t\t<\/div>\n\t\t<\/div>\n\t\t\t\t\t\t\t<\/div>\n\t\t<\/section>\n\t\t\t\t<section class=\"elementor-section elementor-top-section elementor-element elementor-element-ff0b838 elementor-section-boxed elementor-section-height-default elementor-section-height-default\" data-id=\"ff0b838\" data-element_type=\"section\">\n\t\t\t\t\t\t<div class=\"elementor-container elementor-column-gap-default\">\n\t\t\t\t\t<div class=\"elementor-column elementor-col-50 elementor-top-column elementor-element elementor-element-7a88fa8\" data-id=\"7a88fa8\" data-element_type=\"column\">\n\t\t\t<div class=\"elementor-widget-wrap elementor-element-populated\">\n\t\t\t\t\t\t\t\t<div class=\"elementor-element elementor-element-43a8378 elementor-widget__width-initial elementor-widget elementor-widget-text-editor\" data-id=\"43a8378\" data-element_type=\"widget\" data-widget_type=\"text-editor.default\">\n\t\t\t\t<div class=\"elementor-widget-container\">\n\t\t\t\t\t\t\t<h4><b>Laura: La Pirinexus en dos estilos<\/b><\/h4>\t\t\t\t\t\t<\/div>\n\t\t\t\t<\/div>\n\t\t\t\t<div class=\"elementor-element elementor-element-4fe4e83 elementor-widget__width-initial elementor-widget elementor-widget-text-editor\" data-id=\"4fe4e83\" data-element_type=\"widget\" data-widget_type=\"text-editor.default\">\n\t\t\t\t<div class=\"elementor-widget-container\">\n\t\t\t\t\t\t\t<p class=\"MsoNormal\" style=\"margin: 12.0pt 0cm 12.0pt 0cm;\"><span lang=\"es\">Laura, de 32 a\u00f1os y de Olot, tiene una conexi\u00f3n especial con la Pirinexus, ya que la ha recorrido dos veces: una con su mejor amiga en su primera experiencia cicloturista y otra con su pareja. Ambas veces optaron por camping con tienda de campa\u00f1a, disfrutando tanto de la autosuficiencia como de las comodidades de los bares y restaurantes locales.<\/span><\/p><p class=\"MsoNormal\" style=\"margin: 12.0pt 0cm 12.0pt 0cm;\"><span lang=\"es\">Para Laura, el mayor atractivo de la ruta son los <b>paisajes variados<\/b> y la sensaci\u00f3n de seguridad, incluso cuando decides desconectar por completo en la naturaleza. Tambi\u00e9n destaca la se\u00f1alizaci\u00f3n, que asegura que nunca te pierdes.<\/span><\/p><p class=\"MsoNormal\" style=\"margin: 12.0pt 0cm 12.0pt 0cm;\"><span lang=\"es\">\u201c<strong>La recomendar\u00eda sin dudarlo. Es econ\u00f3mica, puedes disfrutarla a tu ritmo y combina naturaleza y seguridad<\/strong>. Eso s\u00ed, evitar\u00eda el tramo t\u00e9cnico del Coll de Panissars con alforjas y me desviar\u00eda por la N-II\u201d, aconseja.<\/span><\/p>\t\t\t\t\t\t<\/div>\n\t\t\t\t<\/div>\n\t\t\t\t\t<\/div>\n\t\t<\/div>\n\t\t\t\t<div class=\"elementor-column elementor-col-50 elementor-top-column elementor-element elementor-element-ed92ce2\" data-id=\"ed92ce2\" data-element_type=\"column\">\n\t\t\t<div class=\"elementor-widget-wrap elementor-element-populated\">\n\t\t\t\t\t\t\t\t<div class=\"elementor-element elementor-element-b9a7830 elementor-widget elementor-widget-image\" data-id=\"b9a7830\" data-element_type=\"widget\" data-widget_type=\"image.default\">\n\t\t\t\t<div class=\"elementor-widget-container\">\n\t\t\t\t\t\t\t\t\t\t\t\t<figure class=\"wp-caption\">\n\t\t\t\t\t\t\t\t\t\t<img loading=\"lazy\" decoding=\"async\" width=\"1080\" height=\"1348\" src=\"https:\/\/www.viesverdes.cat\/wp-content\/uploads\/2025\/12\/3_creditos-Laura-Dalmau.jpg\" class=\"attachment-full size-full wp-image-29536\" alt=\"Laura Dalmau en bicicleta a la ruta Pirinexus\" srcset=\"https:\/\/www.viesverdes.cat\/wp-content\/uploads\/2025\/12\/3_creditos-Laura-Dalmau.jpg 1080w, https:\/\/www.viesverdes.cat\/wp-content\/uploads\/2025\/12\/3_creditos-Laura-Dalmau-240x300.jpg 240w, https:\/\/www.viesverdes.cat\/wp-content\/uploads\/2025\/12\/3_creditos-Laura-Dalmau-768x959.jpg 768w, https:\/\/www.viesverdes.cat\/wp-content\/uploads\/2025\/12\/3_creditos-Laura-Dalmau-820x1024.jpg 820w\" sizes=\"(max-width: 1080px) 100vw, 1080px\" \/>\t\t\t\t\t\t\t\t\t\t\t<figcaption class=\"widget-image-caption wp-caption-text\">Foto:Laura Dalmau <\/figcaption>\n\t\t\t\t\t\t\t\t\t\t<\/figure>\n\t\t\t\t\t\t\t\t\t<\/div>\n\t\t\t\t<\/div>\n\t\t\t\t\t<\/div>\n\t\t<\/div>\n\t\t\t\t\t\t\t<\/div>\n\t\t<\/section>\n\t\t\t\t<section class=\"elementor-section elementor-top-section elementor-element elementor-element-6468ebf elementor-section-boxed elementor-section-height-default elementor-section-height-default\" data-id=\"6468ebf\" data-element_type=\"section\">\n\t\t\t\t\t\t<div class=\"elementor-container elementor-column-gap-default\">\n\t\t\t\t\t<div class=\"elementor-column elementor-col-50 elementor-top-column elementor-element elementor-element-e355d92\" data-id=\"e355d92\" data-element_type=\"column\">\n\t\t\t<div class=\"elementor-widget-wrap elementor-element-populated\">\n\t\t\t\t\t\t\t\t<div class=\"elementor-element elementor-element-f8e518f elementor-widget__width-initial elementor-widget elementor-widget-text-editor\" data-id=\"f8e518f\" data-element_type=\"widget\" data-widget_type=\"text-editor.default\">\n\t\t\t\t<div class=\"elementor-widget-container\">\n\t\t\t\t\t\t\t<h4><b>Andikona: Diversidad y riqueza natural<\/b><\/h4><div><b>\u00a0<\/b><\/div>\t\t\t\t\t\t<\/div>\n\t\t\t\t<\/div>\n\t\t\t\t<div class=\"elementor-element elementor-element-488ca0a elementor-widget elementor-widget-image\" data-id=\"488ca0a\" data-element_type=\"widget\" data-widget_type=\"image.default\">\n\t\t\t\t<div class=\"elementor-widget-container\">\n\t\t\t\t\t\t\t\t\t\t\t\t<figure class=\"wp-caption\">\n\t\t\t\t\t\t\t\t\t\t<img loading=\"lazy\" decoding=\"async\" width=\"1600\" height=\"1200\" src=\"https:\/\/www.viesverdes.cat\/wp-content\/uploads\/2025\/12\/4_creditos-Andikona.jpg\" class=\"attachment-full size-full wp-image-29540\" alt=\"Bicicletes d&#039;Andikona a la ruta Pirinexus\" srcset=\"https:\/\/www.viesverdes.cat\/wp-content\/uploads\/2025\/12\/4_creditos-Andikona.jpg 1600w, https:\/\/www.viesverdes.cat\/wp-content\/uploads\/2025\/12\/4_creditos-Andikona-300x225.jpg 300w, https:\/\/www.viesverdes.cat\/wp-content\/uploads\/2025\/12\/4_creditos-Andikona-768x576.jpg 768w, https:\/\/www.viesverdes.cat\/wp-content\/uploads\/2025\/12\/4_creditos-Andikona-1024x768.jpg 1024w, https:\/\/www.viesverdes.cat\/wp-content\/uploads\/2025\/12\/4_creditos-Andikona-1536x1152.jpg 1536w\" sizes=\"(max-width: 1600px) 100vw, 1600px\" \/>\t\t\t\t\t\t\t\t\t\t\t<figcaption class=\"widget-image-caption wp-caption-text\">Foto: Andikona<\/figcaption>\n\t\t\t\t\t\t\t\t\t\t<\/figure>\n\t\t\t\t\t\t\t\t\t<\/div>\n\t\t\t\t<\/div>\n\t\t\t\t\t<\/div>\n\t\t<\/div>\n\t\t\t\t<div class=\"elementor-column elementor-col-50 elementor-top-column elementor-element elementor-element-e899eeb\" data-id=\"e899eeb\" data-element_type=\"column\">\n\t\t\t<div class=\"elementor-widget-wrap elementor-element-populated\">\n\t\t\t\t\t\t\t\t<div class=\"elementor-element elementor-element-93dc886 elementor-widget__width-initial elementor-widget elementor-widget-text-editor\" data-id=\"93dc886\" data-element_type=\"widget\" data-widget_type=\"text-editor.default\">\n\t\t\t\t<div class=\"elementor-widget-container\">\n\t\t\t\t\t\t\t<p class=\"MsoNormal\" style=\"margin: 12.0pt 0cm 12.0pt 0cm;\"><span lang=\"es\">Andikona, de 37 a\u00f1os y de Vizcaya, recorri\u00f3 la Pirinexus en septiembre de 2021 junto a su pareja. Con alforjas y una combinaci\u00f3n de alojamientos en hoteles y casas rurales, qued\u00f3 impresionada por lo bien se\u00f1alizada que est\u00e1 la ruta y por la cercan\u00eda de los alojamientos al trayecto.<\/span><\/p><p class=\"MsoNormal\" style=\"margin: 12.0pt 0cm 12.0pt 0cm;\"><span lang=\"es\">\u201cLa diversidad de paisajes es incre\u00edble. Pasas por la Costa Brava, Girona, pueblos de interior como Olot y hasta cruzas la frontera a Francia. Todo en un solo recorrido\u201d, explica.<\/span><\/p><p style=\"margin: 12.0pt 0cm 12.0pt 0cm;\">\u00a0<\/p><p class=\"MsoNormal\" style=\"margin: 12.0pt 0cm 12.0pt 0cm;\"><span lang=\"es\">Aunque algunos tramos presentan desniveles, Andikona asegura que es una ruta <b>ajustable a cualquier nivel<\/b>. \u201cLo importante son las ganas. Es perfecta para quienes buscan una primera experiencia en cicloturismo, con seguridad y sin complicaciones log\u00edsticas\u201d.<\/span><\/p>\t\t\t\t\t\t<\/div>\n\t\t\t\t<\/div>\n\t\t\t\t\t<\/div>\n\t\t<\/div>\n\t\t\t\t\t\t\t<\/div>\n\t\t<\/section>\n\t\t\t\t<section class=\"elementor-section elementor-top-section elementor-element elementor-element-e69deeb elementor-section-boxed elementor-section-height-default elementor-section-height-default\" data-id=\"e69deeb\" data-element_type=\"section\">\n\t\t\t\t\t\t<div class=\"elementor-container elementor-column-gap-default\">\n\t\t\t\t\t<div class=\"elementor-column elementor-col-100 elementor-top-column elementor-element elementor-element-57e31227\" data-id=\"57e31227\" data-element_type=\"column\">\n\t\t\t<div class=\"elementor-widget-wrap\">\n\t\t\t\t\t\t\t\t\t<\/div>\n\t\t<\/div>\n\t\t\t\t\t\t\t<\/div>\n\t\t<\/section>\n\t\t\t\t<section class=\"elementor-section elementor-top-section elementor-element elementor-element-7cf410b elementor-section-boxed elementor-section-height-default elementor-section-height-default\" data-id=\"7cf410b\" data-element_type=\"section\">\n\t\t\t\t\t\t<div class=\"elementor-container elementor-column-gap-default\">\n\t\t\t\t\t<div class=\"elementor-column elementor-col-100 elementor-top-column elementor-element elementor-element-2c6f03bd\" data-id=\"2c6f03bd\" data-element_type=\"column\">\n\t\t\t<div class=\"elementor-widget-wrap elementor-element-populated\">\n\t\t\t\t\t\t\t\t<div class=\"elementor-element elementor-element-7b259c54 elementor-widget__width-initial elementor-widget elementor-widget-text-editor\" data-id=\"7b259c54\" data-element_type=\"widget\" data-widget_type=\"text-editor.default\">\n\t\t\t\t<div class=\"elementor-widget-container\">\n\t\t\t\t\t\t\t<h4><strong>Otras fotos de cicloviajeras que tambi\u00e9n han querido compartir sus experiencias:<\/strong><\/h4>\t\t\t\t\t\t<\/div>\n\t\t\t\t<\/div>\n\t\t\t\t\t<\/div>\n\t\t<\/div>\n\t\t\t\t\t\t\t<\/div>\n\t\t<\/section>\n\t\t\t\t<section class=\"elementor-section elementor-top-section elementor-element elementor-element-8c09b2d elementor-section-boxed elementor-section-height-default elementor-section-height-default\" data-id=\"8c09b2d\" data-element_type=\"section\">\n\t\t\t\t\t\t<div class=\"elementor-container elementor-column-gap-default\">\n\t\t\t\t\t<div class=\"elementor-column elementor-col-50 elementor-top-column elementor-element elementor-element-1d8089f9\" data-id=\"1d8089f9\" data-element_type=\"column\">\n\t\t\t<div class=\"elementor-widget-wrap elementor-element-populated\">\n\t\t\t\t\t\t\t\t<div class=\"elementor-element elementor-element-0849101 elementor-widget elementor-widget-image\" data-id=\"0849101\" data-element_type=\"widget\" data-widget_type=\"image.default\">\n\t\t\t\t<div class=\"elementor-widget-container\">\n\t\t\t\t\t\t\t\t\t\t\t\t\t\t\t<img loading=\"lazy\" decoding=\"async\" width=\"1058\" height=\"1600\" src=\"https:\/\/www.viesverdes.cat\/wp-content\/uploads\/2025\/12\/6_evaurena.jpg\" class=\"attachment-full size-full wp-image-29548\" alt=\"Cicloviatgeres a la ruta Pirinexus\" srcset=\"https:\/\/www.viesverdes.cat\/wp-content\/uploads\/2025\/12\/6_evaurena.jpg 1058w, https:\/\/www.viesverdes.cat\/wp-content\/uploads\/2025\/12\/6_evaurena-198x300.jpg 198w, https:\/\/www.viesverdes.cat\/wp-content\/uploads\/2025\/12\/6_evaurena-768x1161.jpg 768w, https:\/\/www.viesverdes.cat\/wp-content\/uploads\/2025\/12\/6_evaurena-677x1024.jpg 677w, https:\/\/www.viesverdes.cat\/wp-content\/uploads\/2025\/12\/6_evaurena-1016x1536.jpg 1016w\" sizes=\"(max-width: 1058px) 100vw, 1058px\" \/>\t\t\t\t\t\t\t\t\t\t\t\t\t\t\t<\/div>\n\t\t\t\t<\/div>\n\t\t\t\t\t<\/div>\n\t\t<\/div>\n\t\t\t\t<div class=\"elementor-column elementor-col-50 elementor-top-column elementor-element elementor-element-bdfb7f8\" data-id=\"bdfb7f8\" data-element_type=\"column\">\n\t\t\t<div class=\"elementor-widget-wrap elementor-element-populated\">\n\t\t\t\t\t\t\t\t<div class=\"elementor-element elementor-element-6aeac3cd elementor-widget elementor-widget-image\" data-id=\"6aeac3cd\" data-element_type=\"widget\" data-widget_type=\"image.default\">\n\t\t\t\t<div class=\"elementor-widget-container\">\n\t\t\t\t\t\t\t\t\t\t\t\t\t\t\t<img loading=\"lazy\" decoding=\"async\" width=\"1600\" height=\"1213\" src=\"https:\/\/www.viesverdes.cat\/wp-content\/uploads\/2025\/12\/7_creditos-Laia.jpg\" class=\"attachment-full size-full wp-image-29552\" alt=\"Laia Laquis a la Pirinexus\" srcset=\"https:\/\/www.viesverdes.cat\/wp-content\/uploads\/2025\/12\/7_creditos-Laia.jpg 1600w, https:\/\/www.viesverdes.cat\/wp-content\/uploads\/2025\/12\/7_creditos-Laia-300x227.jpg 300w, https:\/\/www.viesverdes.cat\/wp-content\/uploads\/2025\/12\/7_creditos-Laia-768x582.jpg 768w, https:\/\/www.viesverdes.cat\/wp-content\/uploads\/2025\/12\/7_creditos-Laia-1024x776.jpg 1024w, https:\/\/www.viesverdes.cat\/wp-content\/uploads\/2025\/12\/7_creditos-Laia-1536x1164.jpg 1536w\" sizes=\"(max-width: 1600px) 100vw, 1600px\" \/>\t\t\t\t\t\t\t\t\t\t\t\t\t\t\t<\/div>\n\t\t\t\t<\/div>\n\t\t\t\t<div class=\"elementor-element elementor-element-ac790b8 elementor-widget elementor-widget-image\" data-id=\"ac790b8\" data-element_type=\"widget\" data-widget_type=\"image.default\">\n\t\t\t\t<div class=\"elementor-widget-container\">\n\t\t\t\t\t\t\t\t\t\t\t\t\t\t\t<img loading=\"lazy\" decoding=\"async\" width=\"1179\" height=\"884\" src=\"https:\/\/www.viesverdes.cat\/wp-content\/uploads\/2025\/12\/5_creditos-LailaLaquis-e1764770511745.jpg\" class=\"attachment-full size-full wp-image-29544\" alt=\"Laila Laquis, Cicloviatgera a la ruta Pirinexus\" \/>\t\t\t\t\t\t\t\t\t\t\t\t\t\t\t<\/div>\n\t\t\t\t<\/div>\n\t\t\t\t\t<\/div>\n\t\t<\/div>\n\t\t\t\t\t\t\t<\/div>\n\t\t<\/section>\n\t\t\t\t<section class=\"elementor-section elementor-top-section elementor-element elementor-element-1ac19ff elementor-section-boxed elementor-section-height-default elementor-section-height-default\" data-id=\"1ac19ff\" data-element_type=\"section\">\n\t\t\t\t\t\t<div class=\"elementor-container elementor-column-gap-default\">\n\t\t\t\t\t<div class=\"elementor-column elementor-col-100 elementor-top-column elementor-element elementor-element-ecf0045\" data-id=\"ecf0045\" data-element_type=\"column\">\n\t\t\t<div class=\"elementor-widget-wrap elementor-element-populated\">\n\t\t\t\t\t\t\t\t<div class=\"elementor-element elementor-element-d5f3864 elementor-widget__width-initial elementor-widget elementor-widget-text-editor\" data-id=\"d5f3864\" data-element_type=\"widget\" data-widget_type=\"text-editor.default\">\n\t\t\t\t<div class=\"elementor-widget-container\">\n\t\t\t\t\t\t\t<b style=\"color: inherit; font-family: inherit; font-size: 2.2em;\"><span lang=\"es\" style=\"font-size: 13pt; line-height: 115%;\">\u00bfPor qu\u00e9 elegir la Pirinexus para tu pr\u00f3ximo viaje en bici?<\/span><\/b>\n<p style=\"margin: 12.0pt 0cm 12.0pt 0cm;\"><span lang=\"es\">La Pirinexus combina todo lo que una persona aficionada a los viajes en bici busca:<\/span><\/p>\n<p style=\"text-indent: -18.0pt; mso-list: l0 level1 lfo1; margin: 12.0pt 0cm .0001pt 36.0pt;\"><span lang=\"es\">\u25cf<span style=\"font-variant-numeric: normal; font-variant-east-asian: normal; font-variant-alternates: normal; font-size-adjust: none; font-kerning: auto; font-optical-sizing: auto; font-feature-settings: normal; font-variation-settings: normal; font-variant-position: normal; font-variant-emoji: normal; font-stretch: normal; font-size: 7pt; line-height: normal; font-family: 'Times New Roman';\">\u00a0\u00a0\u00a0\u00a0 <\/span><\/span><b><span lang=\"es\">Accesibilidad para principiantes:<\/span><\/b><span lang=\"es\"> Se\u00f1alizaci\u00f3n clara y facilidad para planificar.<\/span><\/p>\n<p style=\"margin-left: 36.0pt; text-indent: -18.0pt; mso-list: l0 level1 lfo1;\"><span lang=\"es\">\u25cf<span style=\"font-variant-numeric: normal; font-variant-east-asian: normal; font-variant-alternates: normal; font-size-adjust: none; font-kerning: auto; font-optical-sizing: auto; font-feature-settings: normal; font-variation-settings: normal; font-variant-position: normal; font-variant-emoji: normal; font-stretch: normal; font-size: 7pt; line-height: normal; font-family: 'Times New Roman';\">\u00a0\u00a0\u00a0\u00a0 <\/span><\/span><b><span lang=\"es\">Variedad de paisajes:<\/span><\/b><span lang=\"es\"> Monta\u00f1a, mar, bosques y pueblos encantadores en un solo recorrido.<\/span><\/p>\n<p style=\"text-indent: -18.0pt; mso-list: l0 level1 lfo1; margin: 0cm 0cm 12.0pt 36.0pt;\"><span lang=\"es\">\u25cf<span style=\"font-variant-numeric: normal; font-variant-east-asian: normal; font-variant-alternates: normal; font-size-adjust: none; font-kerning: auto; font-optical-sizing: auto; font-feature-settings: normal; font-variation-settings: normal; font-variant-position: normal; font-variant-emoji: normal; font-stretch: normal; font-size: 7pt; line-height: normal; font-family: 'Times New Roman';\">\u00a0\u00a0\u00a0\u00a0 <\/span><\/span><b><span lang=\"es\">Opciones flexibles:<\/span><\/b><span lang=\"es\"> Desde camping hasta alojamientos c\u00f3modos.<\/span><\/p>\n<p style=\"margin: 12.0pt 0cm 12.0pt 0cm;\"><span lang=\"es\">No importa si eres una ciclista experimentada o si buscas tu primera gran ruta, la Pirinexus te permitir\u00e1 disfrutar de una experiencia inolvidable sobre dos ruedas.<p style=\"margin: 12.0pt 0cm 12.0pt 0cm;\"><span lang=\"es\">As\u00ed que, \u00bfa qu\u00e9 esperas? S\u00fabete a la bici y d\u00e9jate llevar por los encantos de la Pirinexus, donde cada kil\u00f3metro es una nueva aventura.\u00a0<\/span>\t\t\t\t\t\t<\/div>\n\t\t\t\t<\/div>\n\t\t\t\t\t<\/div>\n\t\t<\/div>\n\t\t\t\t\t\t\t<\/div>\n\t\t<\/section>\n\t\t\t\t<section class=\"elementor-section elementor-top-section elementor-element elementor-element-2e9a7b47 elementor-section-boxed elementor-section-height-default elementor-section-height-default\" data-id=\"2e9a7b47\" data-element_type=\"section\">\n\t\t\t\t\t\t<div class=\"elementor-container elementor-column-gap-default\">\n\t\t\t\t\t<div class=\"elementor-column elementor-col-100 elementor-top-column elementor-element elementor-element-61cbc8a0\" data-id=\"61cbc8a0\" data-element_type=\"column\">\n\t\t\t<div class=\"elementor-widget-wrap elementor-element-populated\">\n\t\t\t\t\t\t\t\t<div class=\"elementor-element elementor-element-178a7a80 elementor-widget elementor-widget-spacer\" data-id=\"178a7a80\" data-element_type=\"widget\" data-widget_type=\"spacer.default\">\n\t\t\t\t<div class=\"elementor-widget-container\">\n\t\t\t\t\t<div class=\"elementor-spacer\">\n\t\t\t<div class=\"elementor-spacer-inner\"><\/div>\n\t\t<\/div>\n\t\t\t\t<\/div>\n\t\t\t\t<\/div>\n\t\t\t\t\t<\/div>\n\t\t<\/div>\n\t\t\t\t\t\t\t<\/div>\n\t\t<\/section>\n\t\t\t\t<section class=\"elementor-section elementor-top-section elementor-element elementor-element-641df439 elementor-section-boxed elementor-section-height-default elementor-section-height-default\" data-id=\"641df439\" data-element_type=\"section\">\n\t\t\t\t\t\t<div class=\"elementor-container elementor-column-gap-default\">\n\t\t\t\t\t<div class=\"elementor-column elementor-col-100 elementor-top-column elementor-element elementor-element-36a5621d\" data-id=\"36a5621d\" data-element_type=\"column\">\n\t\t\t<div class=\"elementor-widget-wrap elementor-element-populated\">\n\t\t\t\t\t\t\t\t<div class=\"elementor-element elementor-element-b9d7c32 elementor-widget elementor-widget-html\" data-id=\"b9d7c32\" data-element_type=\"widget\" data-widget_type=\"html.default\">\n\t\t\t\t<div class=\"elementor-widget-container\">\n\t\t\t<div class=\"a2a_kit a2a_kit_size_32 a2a_default_style\" style=\"display: flex; justify-content: center;\">\r\n<a class=\"a2a_button_whatsapp\" style=\"color: #B4BA06;\"><\/a>\r\n<a class=\"a2a_button_x\" style=\"color: #B4BA06;\"><\/a>\r\n<a class=\"a2a_button_facebook\" style=\"color: #B4BA06;\"><\/a>\r\n<a class=\"a2a_button_email\" style=\"color: #B4BA06;\"><\/a>\r\n<a class=\"a2a_button_copy_link\" style=\"color: #B4BA06;\"><\/a>\r\n<\/div>\r\n<script>\r\nvar a2a_config = a2a_config || {};\r\na2a_config.locale = \"ca-ES\";\r\na2a_config.num_services = 6;\r\n<\/script>\r\n<script async src=\"https:\/\/static.addtoany.com\/menu\/page.js\"><\/script>\t\t<\/div>\n\t\t\t\t<\/div>\n\t\t\t\t\t<\/div>\n\t\t<\/div>\n\t\t\t\t\t\t\t<\/div>\n\t\t<\/section>\n\t\t\t\t\t\t\t<\/div>\n\t\t","protected":false},"featured_media":0,"menu_order":0,"template":"elementor_theme","format":"standard","acf":[],"yoast_head":"<!-- This site is optimized with the Yoast SEO plugin v22.2 - https:\/\/yoast.com\/wordpress\/plugins\/seo\/ -->\n<title>Pirinexus en bicicleta: Testimonios de 4 cicloviajeras que te inspirar\u00e1n a recorrerla - Ecovies de Girona<\/title>\n<meta name=\"description\" content=\"Si alguna vez has so\u00f1ado con una ruta ciclotur\u00edsta que combine paisajes de ensue\u00f1o, riqueza cultural y la libertad de viajar en bici, la Pirinexus es tu pr\u00f3xima parada. En este art\u00edculo te compartimos las experiencias de cuatro mujeres que han recorrido esta ruta circular de 340 km, situada entre Catalu\u00f1a y el sur de Francia, y descubre por qu\u00e9 puede ser una aventura imprescindible.\" \/>\n<meta name=\"robots\" content=\"index, follow, max-snippet:-1, max-image-preview:large, max-video-preview:-1\" \/>\n<link rel=\"canonical\" href=\"https:\/\/www.viesverdes.cat\/es\/blog\/pirinexus-en-bicicleta-testimonios-de-4-cicloviajeras-que-te-inspiraran-a-recorrerla\/\" \/>\n<meta property=\"og:locale\" content=\"es_ES\" \/>\n<meta property=\"og:type\" content=\"article\" \/>\n<meta property=\"og:title\" content=\"Pirinexus en bicicleta: Testimonios de 4 cicloviajeras que te inspirar\u00e1n a recorrerla - Ecovies de Girona\" \/>\n<meta property=\"og:description\" content=\"Si alguna vez has so\u00f1ado con una ruta ciclotur\u00edsta que combine paisajes de ensue\u00f1o, riqueza cultural y la libertad de viajar en bici, la Pirinexus es tu pr\u00f3xima parada. En este art\u00edculo te compartimos las experiencias de cuatro mujeres que han recorrido esta ruta circular de 340 km, situada entre Catalu\u00f1a y el sur de Francia, y descubre por qu\u00e9 puede ser una aventura imprescindible.\" \/>\n<meta property=\"og:url\" content=\"https:\/\/www.viesverdes.cat\/es\/blog\/pirinexus-en-bicicleta-testimonios-de-4-cicloviajeras-que-te-inspiraran-a-recorrerla\/\" \/>\n<meta property=\"og:site_name\" content=\"Ecovies de Girona\" \/>\n<meta property=\"article:publisher\" content=\"https:\/\/www.facebook.com\/viesverdesgirona\" \/>\n<meta property=\"article:modified_time\" content=\"2025-12-04T09:44:41+00:00\" \/>\n<meta property=\"og:image\" content=\"http:\/\/www.viesverdes.cat\/wp-content\/uploads\/2025\/12\/5_creditos-LailaLaquis-e1764770511745.jpg\" \/>\n<meta name=\"twitter:card\" content=\"summary_large_image\" \/>\n<meta name=\"twitter:site\" content=\"@viesverdesgi\" \/>\n<meta name=\"twitter:label1\" content=\"Tiempo de lectura\" \/>\n\t<meta name=\"twitter:data1\" content=\"7 minutos\" \/>\n<script type=\"application\/ld+json\" class=\"yoast-schema-graph\">{\"@context\":\"https:\/\/schema.org\",\"@graph\":[{\"@type\":\"WebPage\",\"@id\":\"https:\/\/www.viesverdes.cat\/es\/blog\/pirinexus-en-bicicleta-testimonios-de-4-cicloviajeras-que-te-inspiraran-a-recorrerla\/\",\"url\":\"https:\/\/www.viesverdes.cat\/es\/blog\/pirinexus-en-bicicleta-testimonios-de-4-cicloviajeras-que-te-inspiraran-a-recorrerla\/\",\"name\":\"Pirinexus en bicicleta: Testimonios de 4 cicloviajeras que te inspirar\u00e1n a recorrerla - Ecovies de Girona\",\"isPartOf\":{\"@id\":\"https:\/\/www.viesverdes.cat\/#website\"},\"primaryImageOfPage\":{\"@id\":\"https:\/\/www.viesverdes.cat\/es\/blog\/pirinexus-en-bicicleta-testimonios-de-4-cicloviajeras-que-te-inspiraran-a-recorrerla\/#primaryimage\"},\"image\":{\"@id\":\"https:\/\/www.viesverdes.cat\/es\/blog\/pirinexus-en-bicicleta-testimonios-de-4-cicloviajeras-que-te-inspiraran-a-recorrerla\/#primaryimage\"},\"thumbnailUrl\":\"http:\/\/www.viesverdes.cat\/wp-content\/uploads\/2025\/12\/5_creditos-LailaLaquis-e1764770511745.jpg\",\"datePublished\":\"2025-12-04T09:27:35+00:00\",\"dateModified\":\"2025-12-04T09:44:41+00:00\",\"description\":\"Si alguna vez has so\u00f1ado con una ruta ciclotur\u00edsta que combine paisajes de ensue\u00f1o, riqueza cultural y la libertad de viajar en bici, la Pirinexus es tu pr\u00f3xima parada. En este art\u00edculo te compartimos las experiencias de cuatro mujeres que han recorrido esta ruta circular de 340 km, situada entre Catalu\u00f1a y el sur de Francia, y descubre por qu\u00e9 puede ser una aventura imprescindible.\",\"breadcrumb\":{\"@id\":\"https:\/\/www.viesverdes.cat\/es\/blog\/pirinexus-en-bicicleta-testimonios-de-4-cicloviajeras-que-te-inspiraran-a-recorrerla\/#breadcrumb\"},\"inLanguage\":\"es\",\"potentialAction\":[{\"@type\":\"ReadAction\",\"target\":[\"https:\/\/www.viesverdes.cat\/es\/blog\/pirinexus-en-bicicleta-testimonios-de-4-cicloviajeras-que-te-inspiraran-a-recorrerla\/\"]}]},{\"@type\":\"ImageObject\",\"inLanguage\":\"es\",\"@id\":\"https:\/\/www.viesverdes.cat\/es\/blog\/pirinexus-en-bicicleta-testimonios-de-4-cicloviajeras-que-te-inspiraran-a-recorrerla\/#primaryimage\",\"url\":\"https:\/\/www.viesverdes.cat\/wp-content\/uploads\/2025\/12\/5_creditos-LailaLaquis-e1764770511745.jpg\",\"contentUrl\":\"https:\/\/www.viesverdes.cat\/wp-content\/uploads\/2025\/12\/5_creditos-LailaLaquis-e1764770511745.jpg\",\"width\":1179,\"height\":884,\"caption\":\"Laila Laquis, Cicloviatgera a la ruta Pirinexus\"},{\"@type\":\"BreadcrumbList\",\"@id\":\"https:\/\/www.viesverdes.cat\/es\/blog\/pirinexus-en-bicicleta-testimonios-de-4-cicloviajeras-que-te-inspiraran-a-recorrerla\/#breadcrumb\",\"itemListElement\":[{\"@type\":\"ListItem\",\"position\":1,\"name\":\"Inici\",\"item\":\"https:\/\/www.viesverdes.cat\/\"},{\"@type\":\"ListItem\",\"position\":2,\"name\":\"Pirinexus en bicicleta: Testimonios de 4 cicloviajeras que te inspirar\u00e1n a recorrerla\"}]},{\"@type\":\"WebSite\",\"@id\":\"https:\/\/www.viesverdes.cat\/#website\",\"url\":\"https:\/\/www.viesverdes.cat\/\",\"name\":\"Vies Verdes i Pirinexus\",\"description\":\"\",\"publisher\":{\"@id\":\"https:\/\/www.viesverdes.cat\/#organization\"},\"potentialAction\":[{\"@type\":\"SearchAction\",\"target\":{\"@type\":\"EntryPoint\",\"urlTemplate\":\"https:\/\/www.viesverdes.cat\/?s={search_term_string}\"},\"query-input\":\"required name=search_term_string\"}],\"inLanguage\":\"es\"},{\"@type\":\"Organization\",\"@id\":\"https:\/\/www.viesverdes.cat\/#organization\",\"name\":\"Consorci de les Vies Verdes de Girona\",\"url\":\"https:\/\/www.viesverdes.cat\/\",\"logo\":{\"@type\":\"ImageObject\",\"inLanguage\":\"es\",\"@id\":\"https:\/\/www.viesverdes.cat\/#\/schema\/logo\/image\/\",\"url\":\"https:\/\/www.viesverdes.cat\/wp-content\/uploads\/2023\/04\/Logo-Consorci-Vies-Verdes-color-1-e1682501524240.png\",\"contentUrl\":\"https:\/\/www.viesverdes.cat\/wp-content\/uploads\/2023\/04\/Logo-Consorci-Vies-Verdes-color-1-e1682501524240.png\",\"width\":350,\"height\":41,\"caption\":\"Consorci de les Vies Verdes de Girona\"},\"image\":{\"@id\":\"https:\/\/www.viesverdes.cat\/#\/schema\/logo\/image\/\"},\"sameAs\":[\"https:\/\/www.facebook.com\/viesverdesgirona\",\"https:\/\/twitter.com\/viesverdesgi\",\"https:\/\/www.youtube.com\/viesverdesgi\",\"https:\/\/www.instagram.com\/viesverdesgi\/\"]}]}<\/script>\n<!-- \/ Yoast SEO plugin. -->","yoast_head_json":{"title":"Pirinexus en bicicleta: Testimonios de 4 cicloviajeras que te inspirar\u00e1n a recorrerla - Ecovies de Girona","description":"Si alguna vez has so\u00f1ado con una ruta ciclotur\u00edsta que combine paisajes de ensue\u00f1o, riqueza cultural y la libertad de viajar en bici, la Pirinexus es tu pr\u00f3xima parada. En este art\u00edculo te compartimos las experiencias de cuatro mujeres que han recorrido esta ruta circular de 340 km, situada entre Catalu\u00f1a y el sur de Francia, y descubre por qu\u00e9 puede ser una aventura imprescindible.","robots":{"index":"index","follow":"follow","max-snippet":"max-snippet:-1","max-image-preview":"max-image-preview:large","max-video-preview":"max-video-preview:-1"},"canonical":"https:\/\/www.viesverdes.cat\/es\/blog\/pirinexus-en-bicicleta-testimonios-de-4-cicloviajeras-que-te-inspiraran-a-recorrerla\/","og_locale":"es_ES","og_type":"article","og_title":"Pirinexus en bicicleta: Testimonios de 4 cicloviajeras que te inspirar\u00e1n a recorrerla - Ecovies de Girona","og_description":"Si alguna vez has so\u00f1ado con una ruta ciclotur\u00edsta que combine paisajes de ensue\u00f1o, riqueza cultural y la libertad de viajar en bici, la Pirinexus es tu pr\u00f3xima parada. En este art\u00edculo te compartimos las experiencias de cuatro mujeres que han recorrido esta ruta circular de 340 km, situada entre Catalu\u00f1a y el sur de Francia, y descubre por qu\u00e9 puede ser una aventura imprescindible.","og_url":"https:\/\/www.viesverdes.cat\/es\/blog\/pirinexus-en-bicicleta-testimonios-de-4-cicloviajeras-que-te-inspiraran-a-recorrerla\/","og_site_name":"Ecovies de Girona","article_publisher":"https:\/\/www.facebook.com\/viesverdesgirona","article_modified_time":"2025-12-04T09:44:41+00:00","og_image":[{"url":"http:\/\/www.viesverdes.cat\/wp-content\/uploads\/2025\/12\/5_creditos-LailaLaquis-e1764770511745.jpg"}],"twitter_card":"summary_large_image","twitter_site":"@viesverdesgi","twitter_misc":{"Tiempo de lectura":"7 minutos"},"schema":{"@context":"https:\/\/schema.org","@graph":[{"@type":"WebPage","@id":"https:\/\/www.viesverdes.cat\/es\/blog\/pirinexus-en-bicicleta-testimonios-de-4-cicloviajeras-que-te-inspiraran-a-recorrerla\/","url":"https:\/\/www.viesverdes.cat\/es\/blog\/pirinexus-en-bicicleta-testimonios-de-4-cicloviajeras-que-te-inspiraran-a-recorrerla\/","name":"Pirinexus en bicicleta: Testimonios de 4 cicloviajeras que te inspirar\u00e1n a recorrerla - Ecovies de Girona","isPartOf":{"@id":"https:\/\/www.viesverdes.cat\/#website"},"primaryImageOfPage":{"@id":"https:\/\/www.viesverdes.cat\/es\/blog\/pirinexus-en-bicicleta-testimonios-de-4-cicloviajeras-que-te-inspiraran-a-recorrerla\/#primaryimage"},"image":{"@id":"https:\/\/www.viesverdes.cat\/es\/blog\/pirinexus-en-bicicleta-testimonios-de-4-cicloviajeras-que-te-inspiraran-a-recorrerla\/#primaryimage"},"thumbnailUrl":"http:\/\/www.viesverdes.cat\/wp-content\/uploads\/2025\/12\/5_creditos-LailaLaquis-e1764770511745.jpg","datePublished":"2025-12-04T09:27:35+00:00","dateModified":"2025-12-04T09:44:41+00:00","description":"Si alguna vez has so\u00f1ado con una ruta ciclotur\u00edsta que combine paisajes de ensue\u00f1o, riqueza cultural y la libertad de viajar en bici, la Pirinexus es tu pr\u00f3xima parada. En este art\u00edculo te compartimos las experiencias de cuatro mujeres que han recorrido esta ruta circular de 340 km, situada entre Catalu\u00f1a y el sur de Francia, y descubre por qu\u00e9 puede ser una aventura imprescindible.","breadcrumb":{"@id":"https:\/\/www.viesverdes.cat\/es\/blog\/pirinexus-en-bicicleta-testimonios-de-4-cicloviajeras-que-te-inspiraran-a-recorrerla\/#breadcrumb"},"inLanguage":"es","potentialAction":[{"@type":"ReadAction","target":["https:\/\/www.viesverdes.cat\/es\/blog\/pirinexus-en-bicicleta-testimonios-de-4-cicloviajeras-que-te-inspiraran-a-recorrerla\/"]}]},{"@type":"ImageObject","inLanguage":"es","@id":"https:\/\/www.viesverdes.cat\/es\/blog\/pirinexus-en-bicicleta-testimonios-de-4-cicloviajeras-que-te-inspiraran-a-recorrerla\/#primaryimage","url":"https:\/\/www.viesverdes.cat\/wp-content\/uploads\/2025\/12\/5_creditos-LailaLaquis-e1764770511745.jpg","contentUrl":"https:\/\/www.viesverdes.cat\/wp-content\/uploads\/2025\/12\/5_creditos-LailaLaquis-e1764770511745.jpg","width":1179,"height":884,"caption":"Laila Laquis, Cicloviatgera a la ruta Pirinexus"},{"@type":"BreadcrumbList","@id":"https:\/\/www.viesverdes.cat\/es\/blog\/pirinexus-en-bicicleta-testimonios-de-4-cicloviajeras-que-te-inspiraran-a-recorrerla\/#breadcrumb","itemListElement":[{"@type":"ListItem","position":1,"name":"Inici","item":"https:\/\/www.viesverdes.cat\/"},{"@type":"ListItem","position":2,"name":"Pirinexus en bicicleta: Testimonios de 4 cicloviajeras que te inspirar\u00e1n a recorrerla"}]},{"@type":"WebSite","@id":"https:\/\/www.viesverdes.cat\/#website","url":"https:\/\/www.viesverdes.cat\/","name":"Vies Verdes i Pirinexus","description":"","publisher":{"@id":"https:\/\/www.viesverdes.cat\/#organization"},"potentialAction":[{"@type":"SearchAction","target":{"@type":"EntryPoint","urlTemplate":"https:\/\/www.viesverdes.cat\/?s={search_term_string}"},"query-input":"required name=search_term_string"}],"inLanguage":"es"},{"@type":"Organization","@id":"https:\/\/www.viesverdes.cat\/#organization","name":"Consorci de les Vies Verdes de Girona","url":"https:\/\/www.viesverdes.cat\/","logo":{"@type":"ImageObject","inLanguage":"es","@id":"https:\/\/www.viesverdes.cat\/#\/schema\/logo\/image\/","url":"https:\/\/www.viesverdes.cat\/wp-content\/uploads\/2023\/04\/Logo-Consorci-Vies-Verdes-color-1-e1682501524240.png","contentUrl":"https:\/\/www.viesverdes.cat\/wp-content\/uploads\/2023\/04\/Logo-Consorci-Vies-Verdes-color-1-e1682501524240.png","width":350,"height":41,"caption":"Consorci de les Vies Verdes de Girona"},"image":{"@id":"https:\/\/www.viesverdes.cat\/#\/schema\/logo\/image\/"},"sameAs":["https:\/\/www.facebook.com\/viesverdesgirona","https:\/\/twitter.com\/viesverdesgi","https:\/\/www.youtube.com\/viesverdesgi","https:\/\/www.instagram.com\/viesverdesgi\/"]}]}},"_links":{"self":[{"href":"https:\/\/www.viesverdes.cat\/es\/wp-json\/wp\/v2\/actualitat_nou\/29559"}],"collection":[{"href":"https:\/\/www.viesverdes.cat\/es\/wp-json\/wp\/v2\/actualitat_nou"}],"about":[{"href":"https:\/\/www.viesverdes.cat\/es\/wp-json\/wp\/v2\/types\/actualitat_nou"}],"version-history":[{"count":12,"href":"https:\/\/www.viesverdes.cat\/es\/wp-json\/wp\/v2\/actualitat_nou\/29559\/revisions"}],"predecessor-version":[{"id":29609,"href":"https:\/\/www.viesverdes.cat\/es\/wp-json\/wp\/v2\/actualitat_nou\/29559\/revisions\/29609"}],"wp:attachment":[{"href":"https:\/\/www.viesverdes.cat\/es\/wp-json\/wp\/v2\/media?parent=29559"}],"curies":[{"name":"wp","href":"https:\/\/api.w.org\/{rel}","templated":true}]}}